{"id":1152,"date":"2022-12-01T11:07:45","date_gmt":"2022-12-01T11:07:45","guid":{"rendered":"https:\/\/www.ecocampingrural.com\/?p=1152"},"modified":"2022-12-03T07:35:36","modified_gmt":"2022-12-03T07:35:36","slug":"premios-altoaragones-del-ano-2022","status":"publish","type":"post","link":"https:\/\/www.ecocampingrural.com\/index.php\/2022\/12\/01\/premios-altoaragones-del-ano-2022\/","title":{"rendered":"Premios Altoaragon\u00e9s del a\u00f1o 2022"},"content":{"rendered":"\n<p><em>\u00abEnhorabuena, hab\u00e9is sido seleccionados como Candidato a los <strong>Premios Altoaragon\u00e9s del a\u00f1o 2022<\/strong> en la categor\u00eda de empresas\u00bb<\/em>.<\/p>\n\n\n\n<p><em>\u00a1Boom!<\/em> &#8211; Si hace tan apenas unas semanas nos comunicaban que todo nuestro esfuerzo en crear un <strong>Camping Ecol\u00f3gico en el mundo rural<\/strong> hab\u00eda llamado la atenci\u00f3n del jurado de los <a href=\"https:\/\/premiosedelweiss.com\/\" target=\"_blank\" rel=\"noreferrer noopener\">Premios<strong> EDELWEISS<\/strong><\/a><strong> <\/strong>al<strong> Desarrollo del Turismo Sostenible en Arag\u00f3n<\/strong>, hoy nos \u00ablevantamos\u00bb con esto&#8230; as\u00ed que os pod\u00e9is hacer una idea de lo <em>llenos de orgullo y satisfacci\u00f3n<\/em> que ahora mismo nos sentimos.<\/p>\n\n\n\n<p>Sin duda, que te nominen a un Premio as\u00ed es toda una pasada, pero que adem\u00e1s \u00abcompartas escenario\u00bb con 40 entidades y personalidades de la talla, reconocimiento y trayectoria como<strong> La Ronda de Bolta\u00f1a<\/strong> o Luz Gab\u00e1s, de la capacidad de Carrodilla, In\u00e9s o Francho, y del resto de seleccionados&#8230; te hace sentir peque\u00f1o y grande a partes iguales.<\/p>\n\n\n\n<figure class=\"wp-block-image size-full\"><img decoding=\"async\" width=\"894\" height=\"61\" src=\"https:\/\/www.ecocampingrural.com\/wp-content\/uploads\/2022\/12\/diario-altoaragon-premio.jpeg\" alt=\"premios-altoaragon\u00e9s-a\u00f1o-2022\" class=\"wp-image-1153\" srcset=\"https:\/\/www.ecocampingrural.com\/wp-content\/uploads\/2022\/12\/diario-altoaragon-premio.jpeg 894w, https:\/\/www.ecocampingrural.com\/wp-content\/uploads\/2022\/12\/diario-altoaragon-premio-300x20.jpeg 300w, https:\/\/www.ecocampingrural.com\/wp-content\/uploads\/2022\/12\/diario-altoaragon-premio-768x52.jpeg 768w\" sizes=\"(max-width: 894px) 100vw, 894px\" \/><\/figure>\n\n\n\n<h2 class=\"has-medium-font-size wp-block-heading\">\u00bfAltoaragon\u00e9s del A\u00f1o?<\/h2>\n\n\n\n<p>Los <strong>Premios Altoaragoneses del A\u00f1o<\/strong> son una iniciativa del<strong><a href=\"https:\/\/www.diariodelaltoaragon.es\/\" target=\"_blank\" rel=\"noreferrer noopener\"> Diario del Alto Arag\u00f3n<\/a><\/strong><em> &#8211; y con esta van 36 ediciones <\/em>&#8211; en la que se reconoce a todas aquellas personas o entidades que, durante el a\u00f1o que finaliza, se han distinguido por su actuaci\u00f3n individual, colectiva, social o personal, en beneficio de Huesca o de los altoaragoneses, tanto desde la misma provincia como desde fuera de su \u00e1mbito geogr\u00e1fico. Este reconocimiento est\u00e1 representado por las Pajaritas de Oro, Plata y Bronce<\/p>\n\n\n\n<h2 class=\"has-medium-font-size wp-block-heading\"><strong>Los cuarenta candidatos a Altoaragon\u00e9s del A\u00f1o 2022 ya est\u00e1n seleccionados.<\/strong><\/h2>\n\n\n\n<p>Un jurado determin\u00f3 previamente <em>&#8211; entre los much\u00edsimos personajes y organizaciones con m\u00e9ritos sobrados para ser aspirantes a las pajaritas de oro &#8211;<\/em>, los representantes en Cultura, Deportes, <strong>Empresa<\/strong> y Sociedad, pero ser\u00e1n los lectores de&nbsp;<strong>DIARIO DEL ALTOARAG\u00d3N<\/strong>&nbsp;quienes conceder\u00e1n tales galardones. <\/p>\n\n\n\n<h2 class=\"has-medium-font-size wp-block-heading\"><strong>\u00bfC\u00f3mo puedo votar?<\/strong><\/h2>\n\n\n\n<p>Por medio de los votos emitidos en el soporte original del cup\u00f3n que publicar\u00e1 este peri\u00f3dico los mi\u00e9rcoles y domingos, y a trav\u00e9s de la votaci\u00f3n digital en <a href=\"https:\/\/premios.diariodelaltoaragon.es\/\">premios.diariodelaltoaragon.es<\/a> que admitir\u00e1 por IP un voto cada 24 horas.<strong> <\/strong>El plazo para votar finalizar\u00e1 a las 14 horas del <strong>mi\u00e9rcoles 4 de enero de 2022<\/strong>.<\/p>\n\n\n\n<p>Como decimos, los diez candidatos <em>&#8211; entre los que nos encontramos &#8211;<\/em> correspondientes a cada una de las cuatro \u00e1reas denominadas&nbsp;<strong>CULTURA, DEPORTES, EMPRESA&nbsp;<\/strong>y<strong>&nbsp;SOCIEDAD,&nbsp;<\/strong>han sido designados por un jurado convocado a tal efecto. Tambi\u00e9n se conceder\u00e1 el galard\u00f3n denominado espec\u00edficamente&nbsp;<strong>ALTOARAGON\u00c9S DEL A\u00d1O&nbsp;<\/strong>&nbsp;al nombre m\u00e1s votado en cualquiera de los cuatro apartados.&nbsp;<\/p>\n\n\n\n<p>Ahora&#8230; \u00a1ya solo queda que dediques<strong> 5 clics<\/strong> m\u00e1s!, uno para ir hasta la web <em>&#8211; en el enlace azul que encontrar\u00e1s bajo estas l\u00edneas-<\/em>, y otro para votar a cada uno de los aspirantes en cada categor\u00eda. \u00a1Muchas gracias si votas por <strong><a href=\"https:\/\/www.ecocampingrural.com\" target=\"_blank\" rel=\"noreferrer noopener\">Ecocamping Rural Valle de La Fueva<\/a><\/strong> en la categor\u00eda de empresas!<\/p>\n\n\n\n<div class=\"wp-block-buttons is-layout-flex wp-block-buttons-is-layout-flex\">\n<div class=\"wp-block-button aligncenter\"><a class=\"wp-block-button__link has-background\" href=\"https:\/\/premios.diariodelaltoaragon.es\/\" style=\"background-color:#1a3c91\" target=\"_blank\" rel=\"noreferrer noopener\">VOTA A LOS ALTOARAGONESES DEL A\u00d1O 2022<\/a><\/div>\n<\/div>\n\n\n\n<p class=\"has-text-align-center\">&#8211; Premios Altoaragon\u00e9s del a\u00f1o 2022 &#8211;<\/p>\n","protected":false},"excerpt":{"rendered":"<p>\u00abEnhorabuena, hab\u00e9is sido seleccionados como Candidato a los Premios Altoaragon\u00e9s del a\u00f1o 2022 en la categor\u00eda de empresas\u00bb. \u00a1Boom! &#8211; Si hace tan apenas unas semanas nos comunicaban que todo nuestro esfuerzo en crear un Camping Ecol\u00f3gico en el mundo rural hab\u00eda llamado la atenci\u00f3n del jurado de los Premios EDELWEISS al Desarrollo del Turismo&hellip;&nbsp;<a href=\"https:\/\/www.ecocampingrural.com\/index.php\/2022\/12\/01\/premios-altoaragones-del-ano-2022\/\" rel=\"bookmark\">Leer m\u00e1s &raquo;<span class=\"screen-reader-text\">Premios Altoaragon\u00e9s del a\u00f1o 2022<\/span><\/a><\/p>\n","protected":false},"author":1,"featured_media":1154,"comment_status":"open","ping_status":"open","sticky":false,"template":"","format":"standard","meta":{"_uf_show_specific_survey":0,"_uf_disable_surveys":false,"neve_meta_sidebar":"","neve_meta_container":"","neve_meta_enable_content_width":"","neve_meta_content_width":0,"neve_meta_title_alignment":"","neve_meta_author_avatar":"","neve_post_elements_order":"[\"content\",\"tags\"]","neve_meta_disable_header":"","neve_meta_disable_footer":"","neve_meta_disable_title":"","_themeisle_gutenberg_block_has_review":false,"footnotes":""},"categories":[6],"tags":[7,39,156,11,158,157],"class_list":["post-1152","post","type-post","status-publish","format-standard","has-post-thumbnail","hentry","category-noticias","tag-camping","tag-camping-en-el-pirineo","tag-diario-del-altoaragon","tag-ecocamping-rural-valle-de-la-fueva","tag-empresa-sostenible","tag-premio-altoaragoneses-del-ano"],"yoast_head":"<!-- This site is optimized with the Yoast SEO plugin v25.6 - https:\/\/yoast.com\/wordpress\/plugins\/seo\/ -->\n<title>Premios Altoaragon\u00e9s del a\u00f1o 2022 - Ecocamping Rural<\/title>\n<meta name=\"description\" content=\"\u00a1BOOM! Ecocamping Rural Valle de La Fueva ha sido nominado a los Premios Altoaragon\u00e9s del a\u00f1o 2022 \u00bfNos ayudas a conseguirlo? \u00a1Vota!\" \/>\n<meta name=\"robots\" content=\"index, follow, max-snippet:-1, max-image-preview:large, max-video-preview:-1\" \/>\n<link rel=\"canonical\" href=\"https:\/\/www.ecocampingrural.com\/index.php\/2022\/12\/01\/premios-altoaragones-del-ano-2022\/\" \/>\n<meta property=\"og:locale\" content=\"es_ES\" \/>\n<meta property=\"og:type\" content=\"article\" \/>\n<meta property=\"og:title\" content=\"Candidato a los Premios Altoaragon\u00e9s del A\u00f1o 2022\" \/>\n<meta property=\"og:description\" content=\"\u00a1BOOM! Ecocamping Rural Valle de La Fueva ha sido nominado a los Premios Altoaragon\u00e9s del a\u00f1o 2022 de Diario del Alto Arag\u00f3n \u00bfNos ayudas a conseguirlo? \u00a1Vota a los 4 altoaragoneses del a\u00f1o en las categor\u00edas Empresa, Sociedad, Cultura y Deportes!\" \/>\n<meta property=\"og:url\" content=\"https:\/\/www.ecocampingrural.com\/index.php\/2022\/12\/01\/premios-altoaragones-del-ano-2022\/\" \/>\n<meta property=\"og:site_name\" content=\"Ecocamping Rural\" \/>\n<meta property=\"article:publisher\" content=\"https:\/\/www.facebook.com\/campinglafueva\" \/>\n<meta property=\"article:published_time\" content=\"2022-12-01T11:07:45+00:00\" \/>\n<meta property=\"article:modified_time\" content=\"2022-12-03T07:35:36+00:00\" \/>\n<meta property=\"og:image\" content=\"https:\/\/www.ecocampingrural.com\/wp-content\/uploads\/2022\/12\/premio-altoaragones.jpeg\" \/>\n\t<meta property=\"og:image:width\" content=\"1788\" \/>\n\t<meta property=\"og:image:height\" content=\"734\" \/>\n\t<meta property=\"og:image:type\" content=\"image\/jpeg\" \/>\n<meta name=\"author\" content=\"ecocamping\" \/>\n<meta name=\"twitter:card\" content=\"summary_large_image\" \/>\n<meta name=\"twitter:title\" content=\"Candidato a los Premios Altoaragon\u00e9s del A\u00f1o 2022\" \/>\n<meta name=\"twitter:description\" content=\"\u00a1BOOM! Ecocamping Rural Valle de La Fueva ha sido nominado a los Premios Altoaragon\u00e9s del a\u00f1o 2022 de Diario del Alto Arag\u00f3n \u00bfNos ayudas a conseguirlo? \u00a1Vota a los 4 altoaragoneses del a\u00f1o en las categor\u00edas Empresa, Sociedad, Cultura y Deportes!\" \/>\n<meta name=\"twitter:image\" content=\"https:\/\/www.ecocampingrural.com\/wp-content\/uploads\/2022\/12\/premio-altoaragones.jpeg\" \/>\n<meta name=\"twitter:label1\" content=\"Escrito por\" \/>\n\t<meta name=\"twitter:data1\" content=\"ecocamping\" \/>\n\t<meta name=\"twitter:label2\" content=\"Tiempo de lectura\" \/>\n\t<meta name=\"twitter:data2\" content=\"3 minutos\" \/>\n<script type=\"application\/ld+json\" class=\"yoast-schema-graph\">{\"@context\":\"https:\/\/schema.org\",\"@graph\":[{\"@type\":\"Article\",\"@id\":\"https:\/\/www.ecocampingrural.com\/index.php\/2022\/12\/01\/premios-altoaragones-del-ano-2022\/#article\",\"isPartOf\":{\"@id\":\"https:\/\/www.ecocampingrural.com\/index.php\/2022\/12\/01\/premios-altoaragones-del-ano-2022\/\"},\"author\":{\"name\":\"ecocamping\",\"@id\":\"https:\/\/www.ecocampingrural.com\/#\/schema\/person\/672b4c97857d8a1fc3fc8a7af38f40c3\"},\"headline\":\"Premios Altoaragon\u00e9s del a\u00f1o 2022\",\"datePublished\":\"2022-12-01T11:07:45+00:00\",\"dateModified\":\"2022-12-03T07:35:36+00:00\",\"mainEntityOfPage\":{\"@id\":\"https:\/\/www.ecocampingrural.com\/index.php\/2022\/12\/01\/premios-altoaragones-del-ano-2022\/\"},\"wordCount\":517,\"commentCount\":1,\"publisher\":{\"@id\":\"https:\/\/www.ecocampingrural.com\/#organization\"},\"image\":{\"@id\":\"https:\/\/www.ecocampingrural.com\/index.php\/2022\/12\/01\/premios-altoaragones-del-ano-2022\/#primaryimage\"},\"thumbnailUrl\":\"https:\/\/www.ecocampingrural.com\/wp-content\/uploads\/2022\/12\/premio-altoaragones.jpeg\",\"keywords\":[\"Camping\",\"Camping en el Pirineo\",\"Diario del AltoArag\u00f3n\",\"Ecocamping Rural Valle de La Fueva\",\"Empresa Sostenible\",\"Premio Altoaragoneses del a\u00f1o\"],\"articleSection\":[\"Noticias\"],\"inLanguage\":\"es\",\"potentialAction\":[{\"@type\":\"CommentAction\",\"name\":\"Comment\",\"target\":[\"https:\/\/www.ecocampingrural.com\/index.php\/2022\/12\/01\/premios-altoaragones-del-ano-2022\/#respond\"]}]},{\"@type\":\"WebPage\",\"@id\":\"https:\/\/www.ecocampingrural.com\/index.php\/2022\/12\/01\/premios-altoaragones-del-ano-2022\/\",\"url\":\"https:\/\/www.ecocampingrural.com\/index.php\/2022\/12\/01\/premios-altoaragones-del-ano-2022\/\",\"name\":\"Premios Altoaragon\u00e9s del a\u00f1o 2022 - Ecocamping Rural\",\"isPartOf\":{\"@id\":\"https:\/\/www.ecocampingrural.com\/#website\"},\"primaryImageOfPage\":{\"@id\":\"https:\/\/www.ecocampingrural.com\/index.php\/2022\/12\/01\/premios-altoaragones-del-ano-2022\/#primaryimage\"},\"image\":{\"@id\":\"https:\/\/www.ecocampingrural.com\/index.php\/2022\/12\/01\/premios-altoaragones-del-ano-2022\/#primaryimage\"},\"thumbnailUrl\":\"https:\/\/www.ecocampingrural.com\/wp-content\/uploads\/2022\/12\/premio-altoaragones.jpeg\",\"datePublished\":\"2022-12-01T11:07:45+00:00\",\"dateModified\":\"2022-12-03T07:35:36+00:00\",\"description\":\"\u00a1BOOM! Ecocamping Rural Valle de La Fueva ha sido nominado a los Premios Altoaragon\u00e9s del a\u00f1o 2022 \u00bfNos ayudas a conseguirlo? \u00a1Vota!\",\"breadcrumb\":{\"@id\":\"https:\/\/www.ecocampingrural.com\/index.php\/2022\/12\/01\/premios-altoaragones-del-ano-2022\/#breadcrumb\"},\"inLanguage\":\"es\",\"potentialAction\":[{\"@type\":\"ReadAction\",\"target\":[\"https:\/\/www.ecocampingrural.com\/index.php\/2022\/12\/01\/premios-altoaragones-del-ano-2022\/\"]}]},{\"@type\":\"ImageObject\",\"inLanguage\":\"es\",\"@id\":\"https:\/\/www.ecocampingrural.com\/index.php\/2022\/12\/01\/premios-altoaragones-del-ano-2022\/#primaryimage\",\"url\":\"https:\/\/www.ecocampingrural.com\/wp-content\/uploads\/2022\/12\/premio-altoaragones.jpeg\",\"contentUrl\":\"https:\/\/www.ecocampingrural.com\/wp-content\/uploads\/2022\/12\/premio-altoaragones.jpeg\",\"width\":1788,\"height\":734},{\"@type\":\"BreadcrumbList\",\"@id\":\"https:\/\/www.ecocampingrural.com\/index.php\/2022\/12\/01\/premios-altoaragones-del-ano-2022\/#breadcrumb\",\"itemListElement\":[{\"@type\":\"ListItem\",\"position\":1,\"name\":\"Portada\",\"item\":\"https:\/\/www.ecocampingrural.com\/\"},{\"@type\":\"ListItem\",\"position\":2,\"name\":\"Premios Altoaragon\u00e9s del a\u00f1o 2022\"}]},{\"@type\":\"WebSite\",\"@id\":\"https:\/\/www.ecocampingrural.com\/#website\",\"url\":\"https:\/\/www.ecocampingrural.com\/\",\"name\":\"Ecocamping Rural Valle de La Fueva\",\"description\":\"Valle de La Fueva\",\"publisher\":{\"@id\":\"https:\/\/www.ecocampingrural.com\/#organization\"},\"potentialAction\":[{\"@type\":\"SearchAction\",\"target\":{\"@type\":\"EntryPoint\",\"urlTemplate\":\"https:\/\/www.ecocampingrural.com\/?s={search_term_string}\"},\"query-input\":{\"@type\":\"PropertyValueSpecification\",\"valueRequired\":true,\"valueName\":\"search_term_string\"}}],\"inLanguage\":\"es\"},{\"@type\":\"Organization\",\"@id\":\"https:\/\/www.ecocampingrural.com\/#organization\",\"name\":\"ECOCAMPING RURAL SC\",\"url\":\"https:\/\/www.ecocampingrural.com\/\",\"logo\":{\"@type\":\"ImageObject\",\"inLanguage\":\"es\",\"@id\":\"https:\/\/www.ecocampingrural.com\/#\/schema\/logo\/image\/\",\"url\":\"https:\/\/www.ecocampingrural.com\/wp-content\/uploads\/2021\/02\/LOGODEFVERDE.png\",\"contentUrl\":\"https:\/\/www.ecocampingrural.com\/wp-content\/uploads\/2021\/02\/LOGODEFVERDE.png\",\"width\":865,\"height\":579,\"caption\":\"ECOCAMPING RURAL SC\"},\"image\":{\"@id\":\"https:\/\/www.ecocampingrural.com\/#\/schema\/logo\/image\/\"},\"sameAs\":[\"https:\/\/www.facebook.com\/campinglafueva\",\"https:\/\/www.instagram.com\/ecocampingrural\/\"]},{\"@type\":\"Person\",\"@id\":\"https:\/\/www.ecocampingrural.com\/#\/schema\/person\/672b4c97857d8a1fc3fc8a7af38f40c3\",\"name\":\"ecocamping\",\"image\":{\"@type\":\"ImageObject\",\"inLanguage\":\"es\",\"@id\":\"https:\/\/www.ecocampingrural.com\/#\/schema\/person\/image\/\",\"url\":\"https:\/\/secure.gravatar.com\/avatar\/10dc49e0ad13fae4dcb4f35dca9fcdb9?s=96&d=mm&r=g\",\"contentUrl\":\"https:\/\/secure.gravatar.com\/avatar\/10dc49e0ad13fae4dcb4f35dca9fcdb9?s=96&d=mm&r=g\",\"caption\":\"ecocamping\"},\"sameAs\":[\"http:\/\/www.ecocampingrural.com\"]}]}<\/script>\n<!-- \/ Yoast SEO plugin. -->","yoast_head_json":{"title":"Premios Altoaragon\u00e9s del a\u00f1o 2022 - Ecocamping Rural","description":"\u00a1BOOM! Ecocamping Rural Valle de La Fueva ha sido nominado a los Premios Altoaragon\u00e9s del a\u00f1o 2022 \u00bfNos ayudas a conseguirlo? \u00a1Vota!","robots":{"index":"index","follow":"follow","max-snippet":"max-snippet:-1","max-image-preview":"max-image-preview:large","max-video-preview":"max-video-preview:-1"},"canonical":"https:\/\/www.ecocampingrural.com\/index.php\/2022\/12\/01\/premios-altoaragones-del-ano-2022\/","og_locale":"es_ES","og_type":"article","og_title":"Candidato a los Premios Altoaragon\u00e9s del A\u00f1o 2022","og_description":"\u00a1BOOM! Ecocamping Rural Valle de La Fueva ha sido nominado a los Premios Altoaragon\u00e9s del a\u00f1o 2022 de Diario del Alto Arag\u00f3n \u00bfNos ayudas a conseguirlo? \u00a1Vota a los 4 altoaragoneses del a\u00f1o en las categor\u00edas Empresa, Sociedad, Cultura y Deportes!","og_url":"https:\/\/www.ecocampingrural.com\/index.php\/2022\/12\/01\/premios-altoaragones-del-ano-2022\/","og_site_name":"Ecocamping Rural","article_publisher":"https:\/\/www.facebook.com\/campinglafueva","article_published_time":"2022-12-01T11:07:45+00:00","article_modified_time":"2022-12-03T07:35:36+00:00","og_image":[{"width":1788,"height":734,"url":"https:\/\/www.ecocampingrural.com\/wp-content\/uploads\/2022\/12\/premio-altoaragones.jpeg","type":"image\/jpeg"}],"author":"ecocamping","twitter_card":"summary_large_image","twitter_title":"Candidato a los Premios Altoaragon\u00e9s del A\u00f1o 2022","twitter_description":"\u00a1BOOM! Ecocamping Rural Valle de La Fueva ha sido nominado a los Premios Altoaragon\u00e9s del a\u00f1o 2022 de Diario del Alto Arag\u00f3n \u00bfNos ayudas a conseguirlo? \u00a1Vota a los 4 altoaragoneses del a\u00f1o en las categor\u00edas Empresa, Sociedad, Cultura y Deportes!","twitter_image":"https:\/\/www.ecocampingrural.com\/wp-content\/uploads\/2022\/12\/premio-altoaragones.jpeg","twitter_misc":{"Escrito por":"ecocamping","Tiempo de lectura":"3 minutos"},"schema":{"@context":"https:\/\/schema.org","@graph":[{"@type":"Article","@id":"https:\/\/www.ecocampingrural.com\/index.php\/2022\/12\/01\/premios-altoaragones-del-ano-2022\/#article","isPartOf":{"@id":"https:\/\/www.ecocampingrural.com\/index.php\/2022\/12\/01\/premios-altoaragones-del-ano-2022\/"},"author":{"name":"ecocamping","@id":"https:\/\/www.ecocampingrural.com\/#\/schema\/person\/672b4c97857d8a1fc3fc8a7af38f40c3"},"headline":"Premios Altoaragon\u00e9s del a\u00f1o 2022","datePublished":"2022-12-01T11:07:45+00:00","dateModified":"2022-12-03T07:35:36+00:00","mainEntityOfPage":{"@id":"https:\/\/www.ecocampingrural.com\/index.php\/2022\/12\/01\/premios-altoaragones-del-ano-2022\/"},"wordCount":517,"commentCount":1,"publisher":{"@id":"https:\/\/www.ecocampingrural.com\/#organization"},"image":{"@id":"https:\/\/www.ecocampingrural.com\/index.php\/2022\/12\/01\/premios-altoaragones-del-ano-2022\/#primaryimage"},"thumbnailUrl":"https:\/\/www.ecocampingrural.com\/wp-content\/uploads\/2022\/12\/premio-altoaragones.jpeg","keywords":["Camping","Camping en el Pirineo","Diario del AltoArag\u00f3n","Ecocamping Rural Valle de La Fueva","Empresa Sostenible","Premio Altoaragoneses del a\u00f1o"],"articleSection":["Noticias"],"inLanguage":"es","potentialAction":[{"@type":"CommentAction","name":"Comment","target":["https:\/\/www.ecocampingrural.com\/index.php\/2022\/12\/01\/premios-altoaragones-del-ano-2022\/#respond"]}]},{"@type":"WebPage","@id":"https:\/\/www.ecocampingrural.com\/index.php\/2022\/12\/01\/premios-altoaragones-del-ano-2022\/","url":"https:\/\/www.ecocampingrural.com\/index.php\/2022\/12\/01\/premios-altoaragones-del-ano-2022\/","name":"Premios Altoaragon\u00e9s del a\u00f1o 2022 - Ecocamping Rural","isPartOf":{"@id":"https:\/\/www.ecocampingrural.com\/#website"},"primaryImageOfPage":{"@id":"https:\/\/www.ecocampingrural.com\/index.php\/2022\/12\/01\/premios-altoaragones-del-ano-2022\/#primaryimage"},"image":{"@id":"https:\/\/www.ecocampingrural.com\/index.php\/2022\/12\/01\/premios-altoaragones-del-ano-2022\/#primaryimage"},"thumbnailUrl":"https:\/\/www.ecocampingrural.com\/wp-content\/uploads\/2022\/12\/premio-altoaragones.jpeg","datePublished":"2022-12-01T11:07:45+00:00","dateModified":"2022-12-03T07:35:36+00:00","description":"\u00a1BOOM! Ecocamping Rural Valle de La Fueva ha sido nominado a los Premios Altoaragon\u00e9s del a\u00f1o 2022 \u00bfNos ayudas a conseguirlo? \u00a1Vota!","breadcrumb":{"@id":"https:\/\/www.ecocampingrural.com\/index.php\/2022\/12\/01\/premios-altoaragones-del-ano-2022\/#breadcrumb"},"inLanguage":"es","potentialAction":[{"@type":"ReadAction","target":["https:\/\/www.ecocampingrural.com\/index.php\/2022\/12\/01\/premios-altoaragones-del-ano-2022\/"]}]},{"@type":"ImageObject","inLanguage":"es","@id":"https:\/\/www.ecocampingrural.com\/index.php\/2022\/12\/01\/premios-altoaragones-del-ano-2022\/#primaryimage","url":"https:\/\/www.ecocampingrural.com\/wp-content\/uploads\/2022\/12\/premio-altoaragones.jpeg","contentUrl":"https:\/\/www.ecocampingrural.com\/wp-content\/uploads\/2022\/12\/premio-altoaragones.jpeg","width":1788,"height":734},{"@type":"BreadcrumbList","@id":"https:\/\/www.ecocampingrural.com\/index.php\/2022\/12\/01\/premios-altoaragones-del-ano-2022\/#breadcrumb","itemListElement":[{"@type":"ListItem","position":1,"name":"Portada","item":"https:\/\/www.ecocampingrural.com\/"},{"@type":"ListItem","position":2,"name":"Premios Altoaragon\u00e9s del a\u00f1o 2022"}]},{"@type":"WebSite","@id":"https:\/\/www.ecocampingrural.com\/#website","url":"https:\/\/www.ecocampingrural.com\/","name":"Ecocamping Rural Valle de La Fueva","description":"Valle de La Fueva","publisher":{"@id":"https:\/\/www.ecocampingrural.com\/#organization"},"potentialAction":[{"@type":"SearchAction","target":{"@type":"EntryPoint","urlTemplate":"https:\/\/www.ecocampingrural.com\/?s={search_term_string}"},"query-input":{"@type":"PropertyValueSpecification","valueRequired":true,"valueName":"search_term_string"}}],"inLanguage":"es"},{"@type":"Organization","@id":"https:\/\/www.ecocampingrural.com\/#organization","name":"ECOCAMPING RURAL SC","url":"https:\/\/www.ecocampingrural.com\/","logo":{"@type":"ImageObject","inLanguage":"es","@id":"https:\/\/www.ecocampingrural.com\/#\/schema\/logo\/image\/","url":"https:\/\/www.ecocampingrural.com\/wp-content\/uploads\/2021\/02\/LOGODEFVERDE.png","contentUrl":"https:\/\/www.ecocampingrural.com\/wp-content\/uploads\/2021\/02\/LOGODEFVERDE.png","width":865,"height":579,"caption":"ECOCAMPING RURAL SC"},"image":{"@id":"https:\/\/www.ecocampingrural.com\/#\/schema\/logo\/image\/"},"sameAs":["https:\/\/www.facebook.com\/campinglafueva","https:\/\/www.instagram.com\/ecocampingrural\/"]},{"@type":"Person","@id":"https:\/\/www.ecocampingrural.com\/#\/schema\/person\/672b4c97857d8a1fc3fc8a7af38f40c3","name":"ecocamping","image":{"@type":"ImageObject","inLanguage":"es","@id":"https:\/\/www.ecocampingrural.com\/#\/schema\/person\/image\/","url":"https:\/\/secure.gravatar.com\/avatar\/10dc49e0ad13fae4dcb4f35dca9fcdb9?s=96&d=mm&r=g","contentUrl":"https:\/\/secure.gravatar.com\/avatar\/10dc49e0ad13fae4dcb4f35dca9fcdb9?s=96&d=mm&r=g","caption":"ecocamping"},"sameAs":["http:\/\/www.ecocampingrural.com"]}]}},"_links":{"self":[{"href":"https:\/\/www.ecocampingrural.com\/index.php\/wp-json\/wp\/v2\/posts\/1152","targetHints":{"allow":["GET"]}}],"collection":[{"href":"https:\/\/www.ecocampingrural.com\/index.php\/wp-json\/wp\/v2\/posts"}],"about":[{"href":"https:\/\/www.ecocampingrural.com\/index.php\/wp-json\/wp\/v2\/types\/post"}],"author":[{"embeddable":true,"href":"https:\/\/www.ecocampingrural.com\/index.php\/wp-json\/wp\/v2\/users\/1"}],"replies":[{"embeddable":true,"href":"https:\/\/www.ecocampingrural.com\/index.php\/wp-json\/wp\/v2\/comments?post=1152"}],"version-history":[{"count":0,"href":"https:\/\/www.ecocampingrural.com\/index.php\/wp-json\/wp\/v2\/posts\/1152\/revisions"}],"wp:featuredmedia":[{"embeddable":true,"href":"https:\/\/www.ecocampingrural.com\/index.php\/wp-json\/wp\/v2\/media\/1154"}],"wp:attachment":[{"href":"https:\/\/www.ecocampingrural.com\/index.php\/wp-json\/wp\/v2\/media?parent=1152"}],"wp:term":[{"taxonomy":"category","embeddable":true,"href":"https:\/\/www.ecocampingrural.com\/index.php\/wp-json\/wp\/v2\/categories?post=1152"},{"taxonomy":"post_tag","embeddable":true,"href":"https:\/\/www.ecocampingrural.com\/index.php\/wp-json\/wp\/v2\/tags?post=1152"}],"curies":[{"name":"wp","href":"https:\/\/api.w.org\/{rel}","templated":true}]}}