{"id":1216,"date":"2023-03-04T11:11:19","date_gmt":"2023-03-04T11:11:19","guid":{"rendered":"https:\/\/www.ecocampingrural.com\/?p=1216"},"modified":"2023-03-04T11:13:53","modified_gmt":"2023-03-04T11:13:53","slug":"camping-en-semana-santa-2023","status":"publish","type":"post","link":"https:\/\/www.ecocampingrural.com\/index.php\/2023\/03\/04\/camping-en-semana-santa-2023\/","title":{"rendered":"Camping en Semana Santa 2023"},"content":{"rendered":"\n<h2 class=\"has-medium-font-size wp-block-heading\">\u00bfHas reservado ya tu parcela de <strong>Camping en Semana Santa 2023<\/strong>?<\/h2>\n\n\n\n<p>Tanto si la respuesta es afirmativa, como si todav\u00eda no has reservado ya tu parcela de <strong>Camping en Semana Santa 2023<\/strong>, lo que te vamos a proponer a continuaci\u00f3n, \u00a1Te interesa!<\/p>\n\n\n\n<p>No esperes m\u00e1s. Reserva tu parcela en <strong><a href=\"https:\/\/www.ecocampingrural.com\" target=\"_blank\" rel=\"noreferrer noopener\">Ecocamping Rural Valle de La Fueva<\/a><\/strong> para esta pr\u00f3xima <strong>Semana Santa<\/strong>. Un peque\u00f1o camping familiar y tranquilo, cerca de los m\u00e1s espectaculares emplazamientos del <strong>Pirineo Aragon\u00e9s<\/strong> te esta esperando. El Parque Nacional de <strong>Ordesa<\/strong> y Monte Perdido, Ainsa, Valle de <strong>Benasque<\/strong>, <strong>Alquezar<\/strong>, La <strong><a href=\"https:\/\/rutadelvinosomontano.com\/\" target=\"_blank\" rel=\"noreferrer noopener\">Denominaci\u00f3n de Origen Somontano<\/a><\/strong>&#8230;<\/p>\n\n\n\n<p><em>El <a href=\"http:\/\/www.lafueva.com\" target=\"_blank\" rel=\"noreferrer noopener\">Valle de La Fueva<\/a> te ofrece uno de los mejores emplazamientos para establecer tu campamento base y conocer la Comarca de Sobrarbe.<\/em><\/p>\n\n\n\n<figure class=\"wp-block-embed is-type-rich is-provider-instagram wp-block-embed-instagram\"><div class=\"wp-block-embed__wrapper\">\n<blockquote class=\"instagram-media\" data-instgrm-captioned data-instgrm-permalink=\"https:\/\/www.instagram.com\/reel\/CpXFS0FItZg\/?utm_source=ig_embed&amp;utm_campaign=loading\" data-instgrm-version=\"14\" style=\" background:#FFF; border:0; border-radius:3px; box-shadow:0 0 1px 0 rgba(0,0,0,0.5),0 1px 10px 0 rgba(0,0,0,0.15); margin: 1px; max-width:658px; min-width:326px; padding:0; width:99.375%; width:-webkit-calc(100% - 2px); width:calc(100% - 2px);\"><div style=\"padding:16px;\"> <a href=\"https:\/\/www.instagram.com\/reel\/CpXFS0FItZg\/?utm_source=ig_embed&amp;utm_campaign=loading\" style=\" background:#FFFFFF; line-height:0; padding:0 0; text-align:center; text-decoration:none; width:100%;\" target=\"_blank\"> <div style=\" display: flex; flex-direction: row; align-items: center;\"> <div style=\"background-color: #F4F4F4; border-radius: 50%; flex-grow: 0; height: 40px; margin-right: 14px; width: 40px;\"><\/div> <div style=\"display: flex; flex-direction: column; flex-grow: 1; justify-content: center;\"> <div style=\" background-color: #F4F4F4; border-radius: 4px; flex-grow: 0; height: 14px; margin-bottom: 6px; width: 100px;\"><\/div> <div style=\" background-color: #F4F4F4; border-radius: 4px; flex-grow: 0; height: 14px; width: 60px;\"><\/div><\/div><\/div><div style=\"padding: 19% 0;\"><\/div> <div style=\"display:block; height:50px; margin:0 auto 12px; width:50px;\"><svg width=\"50px\" height=\"50px\" viewBox=\"0 0 60 60\" version=\"1.1\" xmlns=\"https:\/\/www.w3.org\/2000\/svg\" xmlns:xlink=\"https:\/\/www.w3.org\/1999\/xlink\"><g stroke=\"none\" stroke-width=\"1\" fill=\"none\" fill-rule=\"evenodd\"><g transform=\"translate(-511.000000, -20.000000)\" fill=\"#000000\"><g><path d=\"M556.869,30.41 C554.814,30.41 553.148,32.076 553.148,34.131 C553.148,36.186 554.814,37.852 556.869,37.852 C558.924,37.852 560.59,36.186 560.59,34.131 C560.59,32.076 558.924,30.41 556.869,30.41 M541,60.657 C535.114,60.657 530.342,55.887 530.342,50 C530.342,44.114 535.114,39.342 541,39.342 C546.887,39.342 551.658,44.114 551.658,50 C551.658,55.887 546.887,60.657 541,60.657 M541,33.886 C532.1,33.886 524.886,41.1 524.886,50 C524.886,58.899 532.1,66.113 541,66.113 C549.9,66.113 557.115,58.899 557.115,50 C557.115,41.1 549.9,33.886 541,33.886 M565.378,62.101 C565.244,65.022 564.756,66.606 564.346,67.663 C563.803,69.06 563.154,70.057 562.106,71.106 C561.058,72.155 560.06,72.803 558.662,73.347 C557.607,73.757 556.021,74.244 553.102,74.378 C549.944,74.521 548.997,74.552 541,74.552 C533.003,74.552 532.056,74.521 528.898,74.378 C525.979,74.244 524.393,73.757 523.338,73.347 C521.94,72.803 520.942,72.155 519.894,71.106 C518.846,70.057 518.197,69.06 517.654,67.663 C517.244,66.606 516.755,65.022 516.623,62.101 C516.479,58.943 516.448,57.996 516.448,50 C516.448,42.003 516.479,41.056 516.623,37.899 C516.755,34.978 517.244,33.391 517.654,32.338 C518.197,30.938 518.846,29.942 519.894,28.894 C520.942,27.846 521.94,27.196 523.338,26.654 C524.393,26.244 525.979,25.756 528.898,25.623 C532.057,25.479 533.004,25.448 541,25.448 C548.997,25.448 549.943,25.479 553.102,25.623 C556.021,25.756 557.607,26.244 558.662,26.654 C560.06,27.196 561.058,27.846 562.106,28.894 C563.154,29.942 563.803,30.938 564.346,32.338 C564.756,33.391 565.244,34.978 565.378,37.899 C565.522,41.056 565.552,42.003 565.552,50 C565.552,57.996 565.522,58.943 565.378,62.101 M570.82,37.631 C570.674,34.438 570.167,32.258 569.425,30.349 C568.659,28.377 567.633,26.702 565.965,25.035 C564.297,23.368 562.623,22.342 560.652,21.575 C558.743,20.834 556.562,20.326 553.369,20.18 C550.169,20.033 549.148,20 541,20 C532.853,20 531.831,20.033 528.631,20.18 C525.438,20.326 523.257,20.834 521.349,21.575 C519.376,22.342 517.703,23.368 516.035,25.035 C514.368,26.702 513.342,28.377 512.574,30.349 C511.834,32.258 511.326,34.438 511.181,37.631 C511.035,40.831 511,41.851 511,50 C511,58.147 511.035,59.17 511.181,62.369 C511.326,65.562 511.834,67.743 512.574,69.651 C513.342,71.625 514.368,73.296 516.035,74.965 C517.703,76.634 519.376,77.658 521.349,78.425 C523.257,79.167 525.438,79.673 528.631,79.82 C531.831,79.965 532.853,80.001 541,80.001 C549.148,80.001 550.169,79.965 553.369,79.82 C556.562,79.673 558.743,79.167 560.652,78.425 C562.623,77.658 564.297,76.634 565.965,74.965 C567.633,73.296 568.659,71.625 569.425,69.651 C570.167,67.743 570.674,65.562 570.82,62.369 C570.966,59.17 571,58.147 571,50 C571,41.851 570.966,40.831 570.82,37.631\"><\/path><\/g><\/g><\/g><\/svg><\/div><div style=\"padding-top: 8px;\"> <div style=\" color:#3897f0; font-family:Arial,sans-serif; font-size:14px; font-style:normal; font-weight:550; line-height:18px;\">View this post on Instagram<\/div><\/div><div style=\"padding: 12.5% 0;\"><\/div> <div style=\"display: flex; flex-direction: row; margin-bottom: 14px; align-items: center;\"><div> <div style=\"background-color: #F4F4F4; border-radius: 50%; height: 12.5px; width: 12.5px; transform: translateX(0px) translateY(7px);\"><\/div> <div style=\"background-color: #F4F4F4; height: 12.5px; transform: rotate(-45deg) translateX(3px) translateY(1px); width: 12.5px; flex-grow: 0; margin-right: 14px; margin-left: 2px;\"><\/div> <div style=\"background-color: #F4F4F4; border-radius: 50%; height: 12.5px; width: 12.5px; transform: translateX(9px) translateY(-18px);\"><\/div><\/div><div style=\"margin-left: 8px;\"> <div style=\" background-color: #F4F4F4; border-radius: 50%; flex-grow: 0; height: 20px; width: 20px;\"><\/div> <div style=\" width: 0; height: 0; border-top: 2px solid transparent; border-left: 6px solid #f4f4f4; border-bottom: 2px solid transparent; transform: translateX(16px) translateY(-4px) rotate(30deg)\"><\/div><\/div><div style=\"margin-left: auto;\"> <div style=\" width: 0px; border-top: 8px solid #F4F4F4; border-right: 8px solid transparent; transform: translateY(16px);\"><\/div> <div style=\" background-color: #F4F4F4; flex-grow: 0; height: 12px; width: 16px; transform: translateY(-4px);\"><\/div> <div style=\" width: 0; height: 0; border-top: 8px solid #F4F4F4; border-left: 8px solid transparent; transform: translateY(-4px) translateX(8px);\"><\/div><\/div><\/div> <div style=\"display: flex; flex-direction: column; flex-grow: 1; justify-content: center; margin-bottom: 24px;\"> <div style=\" background-color: #F4F4F4; border-radius: 4px; flex-grow: 0; height: 14px; margin-bottom: 6px; width: 224px;\"><\/div> <div style=\" background-color: #F4F4F4; border-radius: 4px; flex-grow: 0; height: 14px; width: 144px;\"><\/div><\/div><\/a><p style=\" color:#c9c8cd; font-family:Arial,sans-serif; font-size:14px; line-height:17px; margin-bottom:0; margin-top:8px; overflow:hidden; padding:8px 0 7px; text-align:center; text-overflow:ellipsis; white-space:nowrap;\"><a href=\"https:\/\/www.instagram.com\/reel\/CpXFS0FItZg\/?utm_source=ig_embed&amp;utm_campaign=loading\" style=\" color:#c9c8cd; font-family:Arial,sans-serif; font-size:14px; font-style:normal; font-weight:normal; line-height:17px; text-decoration:none;\" target=\"_blank\">A post shared by Ecocamping (@ecocampingrural)<\/a><\/p><\/div><\/blockquote><script async src=\"\/\/platform.instagram.com\/en_US\/embeds.js\"><\/script>\n<\/div><\/figure>\n\n\n\n<p>Ecocamping Rural Valle de La Fueva, a menos de 15 minutos de <strong><a href=\"https:\/\/villadeainsa.com\/\" target=\"_blank\" rel=\"noreferrer noopener\">Ainsa<\/a><\/strong>, te ofrece un espacio natural y tranquilo en el que hacer paseos o practicar BTT. Algunas de las mejores rutas de <strong><a href=\"https:\/\/zonazeropirineos.com\/\" target=\"_blank\" rel=\"noreferrer noopener\">Zona Zero Pirineos<\/a><\/strong> te est\u00e1n esperando. No puedes <em>&#8211; ni debes &#8211; <\/em>perderte <strong>Muro de Roda<\/strong>, Fortaleza Medieval del Siglo XI, el <strong>Congosto del Entrem\u00f3n<\/strong> o el <strong>Castillo de Samitier<\/strong>.  <\/p>\n\n\n\n<p>Cruza fronteras y conoce otras culturas sin salir de <strong>Huesca<\/strong>. Acerc\u00e1ndote hasta el <a href=\"https:\/\/dskpanillo.org\/page\/homepage\" target=\"_blank\" rel=\"noreferrer noopener\"><strong>Templo Budista de Panillo<\/strong>, \u00abDag Shang Kagyu\u00bb<\/a>, y de camino, para a conocer <strong>Troncedo<\/strong>. La torre pentagonal de su castillo y su impresionante <strong>\u00e1rbol singular<\/strong>, el<strong> Caixigo de Castro<\/strong> te enamorar\u00e1n.<br><br>\u00bfSab\u00edas que el primer monasterio de la pen\u00ednsula ib\u00e9rica esta a menos de 30 minutos de nuestro camping? \u00bfSabes que desde aqu\u00ed puedes verlo bajo las faldas de la impresionante <strong>Pe\u00f1a Monta\u00f1esa<\/strong>? Ven y Visita el <strong><a href=\"https:\/\/www.turismodearagon.com\/ficha\/monasterio-de-san-victorian-el-pueyo-de-araguas\/\" target=\"_blank\" rel=\"noreferrer noopener\">Real Monasterio de San Victorian<\/a><\/strong> y atr\u00e9vete a adentrarte en la <strong>Sierra Ferrera<\/strong>. Asciende por un sendero hasta la <strong>Ermita de la Espelunga<\/strong>, y explora el interior de la cueva.<\/p>\n\n\n\n<h5 class=\"has-text-align-center has-small-font-size wp-block-heading\">Ecocamping Rural, tu Camping ecol\u00f3gico en el Pirineo Aragon\u00e9s para disfrutar en Semana Santa 2023<\/h5>\n\n\n\n<figure class=\"wp-block-image size-full\"><img decoding=\"async\" width=\"881\" height=\"637\" src=\"https:\/\/www.ecocampingrural.com\/wp-content\/uploads\/2022\/07\/ermita-espelunga-turismo.jpeg\" alt=\"ermita-visita-guiada-monasterio-victori\u00e1n-semana-santa-2023\" class=\"wp-image-987\" srcset=\"https:\/\/www.ecocampingrural.com\/wp-content\/uploads\/2022\/07\/ermita-espelunga-turismo.jpeg 881w, https:\/\/www.ecocampingrural.com\/wp-content\/uploads\/2022\/07\/ermita-espelunga-turismo-300x217.jpeg 300w, https:\/\/www.ecocampingrural.com\/wp-content\/uploads\/2022\/07\/ermita-espelunga-turismo-768x555.jpeg 768w\" sizes=\"(max-width: 881px) 100vw, 881px\" \/><figcaption class=\"wp-element-caption\">Turismo de Arag\u00f3n<\/figcaption><\/figure>\n\n\n\n<p>Como podr\u00e1s ver, un mundo de posibilidades para venir a disfrutar de tus vacaciones de Semana Santa con nosotros te est\u00e1n esperando&#8230; as\u00ed que no esperes mas y <strong>\u00a1reserva ya tu parcela!<\/strong>. <\/p>\n\n\n\n<div class=\"wp-block-buttons is-content-justification-center is-layout-flex wp-container-core-buttons-is-layout-1 wp-block-buttons-is-layout-flex\">\n<div class=\"wp-block-button aligncenter is-style-secondary\"><a class=\"wp-block-button__link wp-element-button\" href=\"https:\/\/www.reservaonline.support\/ecocampingrural\/reservas.html\" target=\"_blank\" rel=\"noreferrer noopener\">RESERVA PARCELA<\/a><\/div>\n\n\n\n<div class=\"wp-block-button aligncenter is-style-secondary\"><a class=\"wp-block-button__link wp-element-button\" href=\"https:\/\/www.casalueza.com\/reserva-online-tus-vacaciones\/\" target=\"_blank\" rel=\"noreferrer noopener\">RESERVA CASA RURAL<\/a><\/div>\n<\/div>\n","protected":false},"excerpt":{"rendered":"<p>\u00bfHas reservado ya tu parcela de Camping en Semana Santa 2023? Tanto si la respuesta es afirmativa, como si todav\u00eda no has reservado ya tu parcela de Camping en Semana Santa 2023, lo que te vamos a proponer a continuaci\u00f3n, \u00a1Te interesa! No esperes m\u00e1s. Reserva tu parcela en Ecocamping Rural Valle de La Fueva&hellip;&nbsp;<a href=\"https:\/\/www.ecocampingrural.com\/index.php\/2023\/03\/04\/camping-en-semana-santa-2023\/\" rel=\"bookmark\">Leer m\u00e1s &raquo;<span class=\"screen-reader-text\">Camping en Semana Santa 2023<\/span><\/a><\/p>\n","protected":false},"author":1,"featured_media":1218,"comment_status":"open","ping_status":"open","sticky":false,"template":"","format":"standard","meta":{"_uf_show_specific_survey":0,"_uf_disable_surveys":false,"neve_meta_sidebar":"","neve_meta_container":"","neve_meta_enable_content_width":"","neve_meta_content_width":0,"neve_meta_title_alignment":"","neve_meta_author_avatar":"","neve_post_elements_order":"","neve_meta_disable_header":"","neve_meta_disable_footer":"","neve_meta_disable_title":"","_themeisle_gutenberg_block_has_review":false,"footnotes":""},"categories":[6],"tags":[7,40,39,167,78],"class_list":["post-1216","post","type-post","status-publish","format-standard","has-post-thumbnail","hentry","category-noticias","tag-camping","tag-camping-cerca-de-ordesa","tag-camping-en-el-pirineo","tag-semana-santa-2023","tag-zona-zero-pirineos"],"yoast_head":"<!-- This site is optimized with the Yoast SEO plugin v25.6 - https:\/\/yoast.com\/wordpress\/plugins\/seo\/ -->\n<title>Camping en Semana Santa 2023 - Ecocamping Rural<\/title>\n<meta name=\"description\" content=\"No esperes m\u00e1s y reserva ya tu parcela de camping en Semana Santa 2023. Camping en el Pirineo Aragon\u00e9s. Valle de La Fueva\" \/>\n<meta name=\"robots\" content=\"index, follow, max-snippet:-1, max-image-preview:large, max-video-preview:-1\" \/>\n<link rel=\"canonical\" href=\"https:\/\/www.ecocampingrural.com\/index.php\/2023\/03\/04\/camping-en-semana-santa-2023\/\" \/>\n<meta property=\"og:locale\" content=\"es_ES\" \/>\n<meta property=\"og:type\" content=\"article\" \/>\n<meta property=\"og:title\" content=\"Camping en Semana Santa 2023 - Ecocamping Rural\" \/>\n<meta property=\"og:description\" content=\"No esperes m\u00e1s y reserva ya tu parcela de camping en Semana Santa 2023. Camping en el Pirineo Aragon\u00e9s. Valle de La Fueva\" \/>\n<meta property=\"og:url\" content=\"https:\/\/www.ecocampingrural.com\/index.php\/2023\/03\/04\/camping-en-semana-santa-2023\/\" \/>\n<meta property=\"og:site_name\" content=\"Ecocamping Rural\" \/>\n<meta property=\"article:publisher\" content=\"https:\/\/www.facebook.com\/campinglafueva\" \/>\n<meta property=\"article:published_time\" content=\"2023-03-04T11:11:19+00:00\" \/>\n<meta property=\"article:modified_time\" content=\"2023-03-04T11:13:53+00:00\" \/>\n<meta property=\"og:image\" content=\"https:\/\/www.ecocampingrural.com\/wp-content\/uploads\/2023\/03\/vanlife-camper-camping-e1677928424554.jpeg\" \/>\n\t<meta property=\"og:image:width\" content=\"677\" \/>\n\t<meta property=\"og:image:height\" content=\"444\" \/>\n\t<meta property=\"og:image:type\" content=\"image\/jpeg\" \/>\n<meta name=\"author\" content=\"ecocamping\" \/>\n<meta name=\"twitter:card\" content=\"summary_large_image\" \/>\n<meta name=\"twitter:label1\" content=\"Escrito por\" \/>\n\t<meta name=\"twitter:data1\" content=\"ecocamping\" \/>\n\t<meta name=\"twitter:label2\" content=\"Tiempo de lectura\" \/>\n\t<meta name=\"twitter:data2\" content=\"2 minutos\" \/>\n<script type=\"application\/ld+json\" class=\"yoast-schema-graph\">{\"@context\":\"https:\/\/schema.org\",\"@graph\":[{\"@type\":\"Article\",\"@id\":\"https:\/\/www.ecocampingrural.com\/index.php\/2023\/03\/04\/camping-en-semana-santa-2023\/#article\",\"isPartOf\":{\"@id\":\"https:\/\/www.ecocampingrural.com\/index.php\/2023\/03\/04\/camping-en-semana-santa-2023\/\"},\"author\":{\"name\":\"ecocamping\",\"@id\":\"https:\/\/www.ecocampingrural.com\/#\/schema\/person\/672b4c97857d8a1fc3fc8a7af38f40c3\"},\"headline\":\"Camping en Semana Santa 2023\",\"datePublished\":\"2023-03-04T11:11:19+00:00\",\"dateModified\":\"2023-03-04T11:13:53+00:00\",\"mainEntityOfPage\":{\"@id\":\"https:\/\/www.ecocampingrural.com\/index.php\/2023\/03\/04\/camping-en-semana-santa-2023\/\"},\"wordCount\":383,\"commentCount\":0,\"publisher\":{\"@id\":\"https:\/\/www.ecocampingrural.com\/#organization\"},\"image\":{\"@id\":\"https:\/\/www.ecocampingrural.com\/index.php\/2023\/03\/04\/camping-en-semana-santa-2023\/#primaryimage\"},\"thumbnailUrl\":\"https:\/\/www.ecocampingrural.com\/wp-content\/uploads\/2023\/03\/vanlife-camper-camping-e1677928424554.jpeg\",\"keywords\":[\"Camping\",\"Camping cerca de Ordesa\",\"Camping en el Pirineo\",\"Semana Santa 2023\",\"zona zero pirineos\"],\"articleSection\":[\"Noticias\"],\"inLanguage\":\"es\",\"potentialAction\":[{\"@type\":\"CommentAction\",\"name\":\"Comment\",\"target\":[\"https:\/\/www.ecocampingrural.com\/index.php\/2023\/03\/04\/camping-en-semana-santa-2023\/#respond\"]}]},{\"@type\":\"WebPage\",\"@id\":\"https:\/\/www.ecocampingrural.com\/index.php\/2023\/03\/04\/camping-en-semana-santa-2023\/\",\"url\":\"https:\/\/www.ecocampingrural.com\/index.php\/2023\/03\/04\/camping-en-semana-santa-2023\/\",\"name\":\"Camping en Semana Santa 2023 - Ecocamping Rural\",\"isPartOf\":{\"@id\":\"https:\/\/www.ecocampingrural.com\/#website\"},\"primaryImageOfPage\":{\"@id\":\"https:\/\/www.ecocampingrural.com\/index.php\/2023\/03\/04\/camping-en-semana-santa-2023\/#primaryimage\"},\"image\":{\"@id\":\"https:\/\/www.ecocampingrural.com\/index.php\/2023\/03\/04\/camping-en-semana-santa-2023\/#primaryimage\"},\"thumbnailUrl\":\"https:\/\/www.ecocampingrural.com\/wp-content\/uploads\/2023\/03\/vanlife-camper-camping-e1677928424554.jpeg\",\"datePublished\":\"2023-03-04T11:11:19+00:00\",\"dateModified\":\"2023-03-04T11:13:53+00:00\",\"description\":\"No esperes m\u00e1s y reserva ya tu parcela de camping en Semana Santa 2023. Camping en el Pirineo Aragon\u00e9s. Valle de La Fueva\",\"breadcrumb\":{\"@id\":\"https:\/\/www.ecocampingrural.com\/index.php\/2023\/03\/04\/camping-en-semana-santa-2023\/#breadcrumb\"},\"inLanguage\":\"es\",\"potentialAction\":[{\"@type\":\"ReadAction\",\"target\":[\"https:\/\/www.ecocampingrural.com\/index.php\/2023\/03\/04\/camping-en-semana-santa-2023\/\"]}]},{\"@type\":\"ImageObject\",\"inLanguage\":\"es\",\"@id\":\"https:\/\/www.ecocampingrural.com\/index.php\/2023\/03\/04\/camping-en-semana-santa-2023\/#primaryimage\",\"url\":\"https:\/\/www.ecocampingrural.com\/wp-content\/uploads\/2023\/03\/vanlife-camper-camping-e1677928424554.jpeg\",\"contentUrl\":\"https:\/\/www.ecocampingrural.com\/wp-content\/uploads\/2023\/03\/vanlife-camper-camping-e1677928424554.jpeg\",\"width\":677,\"height\":444},{\"@type\":\"BreadcrumbList\",\"@id\":\"https:\/\/www.ecocampingrural.com\/index.php\/2023\/03\/04\/camping-en-semana-santa-2023\/#breadcrumb\",\"itemListElement\":[{\"@type\":\"ListItem\",\"position\":1,\"name\":\"Portada\",\"item\":\"https:\/\/www.ecocampingrural.com\/\"},{\"@type\":\"ListItem\",\"position\":2,\"name\":\"Camping en Semana Santa 2023\"}]},{\"@type\":\"WebSite\",\"@id\":\"https:\/\/www.ecocampingrural.com\/#website\",\"url\":\"https:\/\/www.ecocampingrural.com\/\",\"name\":\"Ecocamping Rural Valle de La Fueva\",\"description\":\"Valle de La Fueva\",\"publisher\":{\"@id\":\"https:\/\/www.ecocampingrural.com\/#organization\"},\"potentialAction\":[{\"@type\":\"SearchAction\",\"target\":{\"@type\":\"EntryPoint\",\"urlTemplate\":\"https:\/\/www.ecocampingrural.com\/?s={search_term_string}\"},\"query-input\":{\"@type\":\"PropertyValueSpecification\",\"valueRequired\":true,\"valueName\":\"search_term_string\"}}],\"inLanguage\":\"es\"},{\"@type\":\"Organization\",\"@id\":\"https:\/\/www.ecocampingrural.com\/#organization\",\"name\":\"ECOCAMPING RURAL SC\",\"url\":\"https:\/\/www.ecocampingrural.com\/\",\"logo\":{\"@type\":\"ImageObject\",\"inLanguage\":\"es\",\"@id\":\"https:\/\/www.ecocampingrural.com\/#\/schema\/logo\/image\/\",\"url\":\"https:\/\/www.ecocampingrural.com\/wp-content\/uploads\/2021\/02\/LOGODEFVERDE.png\",\"contentUrl\":\"https:\/\/www.ecocampingrural.com\/wp-content\/uploads\/2021\/02\/LOGODEFVERDE.png\",\"width\":865,\"height\":579,\"caption\":\"ECOCAMPING RURAL SC\"},\"image\":{\"@id\":\"https:\/\/www.ecocampingrural.com\/#\/schema\/logo\/image\/\"},\"sameAs\":[\"https:\/\/www.facebook.com\/campinglafueva\",\"https:\/\/www.instagram.com\/ecocampingrural\/\"]},{\"@type\":\"Person\",\"@id\":\"https:\/\/www.ecocampingrural.com\/#\/schema\/person\/672b4c97857d8a1fc3fc8a7af38f40c3\",\"name\":\"ecocamping\",\"image\":{\"@type\":\"ImageObject\",\"inLanguage\":\"es\",\"@id\":\"https:\/\/www.ecocampingrural.com\/#\/schema\/person\/image\/\",\"url\":\"https:\/\/secure.gravatar.com\/avatar\/10dc49e0ad13fae4dcb4f35dca9fcdb9?s=96&d=mm&r=g\",\"contentUrl\":\"https:\/\/secure.gravatar.com\/avatar\/10dc49e0ad13fae4dcb4f35dca9fcdb9?s=96&d=mm&r=g\",\"caption\":\"ecocamping\"},\"sameAs\":[\"http:\/\/www.ecocampingrural.com\"]}]}<\/script>\n<!-- \/ Yoast SEO plugin. -->","yoast_head_json":{"title":"Camping en Semana Santa 2023 - Ecocamping Rural","description":"No esperes m\u00e1s y reserva ya tu parcela de camping en Semana Santa 2023. Camping en el Pirineo Aragon\u00e9s. Valle de La Fueva","robots":{"index":"index","follow":"follow","max-snippet":"max-snippet:-1","max-image-preview":"max-image-preview:large","max-video-preview":"max-video-preview:-1"},"canonical":"https:\/\/www.ecocampingrural.com\/index.php\/2023\/03\/04\/camping-en-semana-santa-2023\/","og_locale":"es_ES","og_type":"article","og_title":"Camping en Semana Santa 2023 - Ecocamping Rural","og_description":"No esperes m\u00e1s y reserva ya tu parcela de camping en Semana Santa 2023. Camping en el Pirineo Aragon\u00e9s. Valle de La Fueva","og_url":"https:\/\/www.ecocampingrural.com\/index.php\/2023\/03\/04\/camping-en-semana-santa-2023\/","og_site_name":"Ecocamping Rural","article_publisher":"https:\/\/www.facebook.com\/campinglafueva","article_published_time":"2023-03-04T11:11:19+00:00","article_modified_time":"2023-03-04T11:13:53+00:00","og_image":[{"width":677,"height":444,"url":"https:\/\/www.ecocampingrural.com\/wp-content\/uploads\/2023\/03\/vanlife-camper-camping-e1677928424554.jpeg","type":"image\/jpeg"}],"author":"ecocamping","twitter_card":"summary_large_image","twitter_misc":{"Escrito por":"ecocamping","Tiempo de lectura":"2 minutos"},"schema":{"@context":"https:\/\/schema.org","@graph":[{"@type":"Article","@id":"https:\/\/www.ecocampingrural.com\/index.php\/2023\/03\/04\/camping-en-semana-santa-2023\/#article","isPartOf":{"@id":"https:\/\/www.ecocampingrural.com\/index.php\/2023\/03\/04\/camping-en-semana-santa-2023\/"},"author":{"name":"ecocamping","@id":"https:\/\/www.ecocampingrural.com\/#\/schema\/person\/672b4c97857d8a1fc3fc8a7af38f40c3"},"headline":"Camping en Semana Santa 2023","datePublished":"2023-03-04T11:11:19+00:00","dateModified":"2023-03-04T11:13:53+00:00","mainEntityOfPage":{"@id":"https:\/\/www.ecocampingrural.com\/index.php\/2023\/03\/04\/camping-en-semana-santa-2023\/"},"wordCount":383,"commentCount":0,"publisher":{"@id":"https:\/\/www.ecocampingrural.com\/#organization"},"image":{"@id":"https:\/\/www.ecocampingrural.com\/index.php\/2023\/03\/04\/camping-en-semana-santa-2023\/#primaryimage"},"thumbnailUrl":"https:\/\/www.ecocampingrural.com\/wp-content\/uploads\/2023\/03\/vanlife-camper-camping-e1677928424554.jpeg","keywords":["Camping","Camping cerca de Ordesa","Camping en el Pirineo","Semana Santa 2023","zona zero pirineos"],"articleSection":["Noticias"],"inLanguage":"es","potentialAction":[{"@type":"CommentAction","name":"Comment","target":["https:\/\/www.ecocampingrural.com\/index.php\/2023\/03\/04\/camping-en-semana-santa-2023\/#respond"]}]},{"@type":"WebPage","@id":"https:\/\/www.ecocampingrural.com\/index.php\/2023\/03\/04\/camping-en-semana-santa-2023\/","url":"https:\/\/www.ecocampingrural.com\/index.php\/2023\/03\/04\/camping-en-semana-santa-2023\/","name":"Camping en Semana Santa 2023 - Ecocamping Rural","isPartOf":{"@id":"https:\/\/www.ecocampingrural.com\/#website"},"primaryImageOfPage":{"@id":"https:\/\/www.ecocampingrural.com\/index.php\/2023\/03\/04\/camping-en-semana-santa-2023\/#primaryimage"},"image":{"@id":"https:\/\/www.ecocampingrural.com\/index.php\/2023\/03\/04\/camping-en-semana-santa-2023\/#primaryimage"},"thumbnailUrl":"https:\/\/www.ecocampingrural.com\/wp-content\/uploads\/2023\/03\/vanlife-camper-camping-e1677928424554.jpeg","datePublished":"2023-03-04T11:11:19+00:00","dateModified":"2023-03-04T11:13:53+00:00","description":"No esperes m\u00e1s y reserva ya tu parcela de camping en Semana Santa 2023. Camping en el Pirineo Aragon\u00e9s. Valle de La Fueva","breadcrumb":{"@id":"https:\/\/www.ecocampingrural.com\/index.php\/2023\/03\/04\/camping-en-semana-santa-2023\/#breadcrumb"},"inLanguage":"es","potentialAction":[{"@type":"ReadAction","target":["https:\/\/www.ecocampingrural.com\/index.php\/2023\/03\/04\/camping-en-semana-santa-2023\/"]}]},{"@type":"ImageObject","inLanguage":"es","@id":"https:\/\/www.ecocampingrural.com\/index.php\/2023\/03\/04\/camping-en-semana-santa-2023\/#primaryimage","url":"https:\/\/www.ecocampingrural.com\/wp-content\/uploads\/2023\/03\/vanlife-camper-camping-e1677928424554.jpeg","contentUrl":"https:\/\/www.ecocampingrural.com\/wp-content\/uploads\/2023\/03\/vanlife-camper-camping-e1677928424554.jpeg","width":677,"height":444},{"@type":"BreadcrumbList","@id":"https:\/\/www.ecocampingrural.com\/index.php\/2023\/03\/04\/camping-en-semana-santa-2023\/#breadcrumb","itemListElement":[{"@type":"ListItem","position":1,"name":"Portada","item":"https:\/\/www.ecocampingrural.com\/"},{"@type":"ListItem","position":2,"name":"Camping en Semana Santa 2023"}]},{"@type":"WebSite","@id":"https:\/\/www.ecocampingrural.com\/#website","url":"https:\/\/www.ecocampingrural.com\/","name":"Ecocamping Rural Valle de La Fueva","description":"Valle de La Fueva","publisher":{"@id":"https:\/\/www.ecocampingrural.com\/#organization"},"potentialAction":[{"@type":"SearchAction","target":{"@type":"EntryPoint","urlTemplate":"https:\/\/www.ecocampingrural.com\/?s={search_term_string}"},"query-input":{"@type":"PropertyValueSpecification","valueRequired":true,"valueName":"search_term_string"}}],"inLanguage":"es"},{"@type":"Organization","@id":"https:\/\/www.ecocampingrural.com\/#organization","name":"ECOCAMPING RURAL SC","url":"https:\/\/www.ecocampingrural.com\/","logo":{"@type":"ImageObject","inLanguage":"es","@id":"https:\/\/www.ecocampingrural.com\/#\/schema\/logo\/image\/","url":"https:\/\/www.ecocampingrural.com\/wp-content\/uploads\/2021\/02\/LOGODEFVERDE.png","contentUrl":"https:\/\/www.ecocampingrural.com\/wp-content\/uploads\/2021\/02\/LOGODEFVERDE.png","width":865,"height":579,"caption":"ECOCAMPING RURAL SC"},"image":{"@id":"https:\/\/www.ecocampingrural.com\/#\/schema\/logo\/image\/"},"sameAs":["https:\/\/www.facebook.com\/campinglafueva","https:\/\/www.instagram.com\/ecocampingrural\/"]},{"@type":"Person","@id":"https:\/\/www.ecocampingrural.com\/#\/schema\/person\/672b4c97857d8a1fc3fc8a7af38f40c3","name":"ecocamping","image":{"@type":"ImageObject","inLanguage":"es","@id":"https:\/\/www.ecocampingrural.com\/#\/schema\/person\/image\/","url":"https:\/\/secure.gravatar.com\/avatar\/10dc49e0ad13fae4dcb4f35dca9fcdb9?s=96&d=mm&r=g","contentUrl":"https:\/\/secure.gravatar.com\/avatar\/10dc49e0ad13fae4dcb4f35dca9fcdb9?s=96&d=mm&r=g","caption":"ecocamping"},"sameAs":["http:\/\/www.ecocampingrural.com"]}]}},"_links":{"self":[{"href":"https:\/\/www.ecocampingrural.com\/index.php\/wp-json\/wp\/v2\/posts\/1216","targetHints":{"allow":["GET"]}}],"collection":[{"href":"https:\/\/www.ecocampingrural.com\/index.php\/wp-json\/wp\/v2\/posts"}],"about":[{"href":"https:\/\/www.ecocampingrural.com\/index.php\/wp-json\/wp\/v2\/types\/post"}],"author":[{"embeddable":true,"href":"https:\/\/www.ecocampingrural.com\/index.php\/wp-json\/wp\/v2\/users\/1"}],"replies":[{"embeddable":true,"href":"https:\/\/www.ecocampingrural.com\/index.php\/wp-json\/wp\/v2\/comments?post=1216"}],"version-history":[{"count":0,"href":"https:\/\/www.ecocampingrural.com\/index.php\/wp-json\/wp\/v2\/posts\/1216\/revisions"}],"wp:featuredmedia":[{"embeddable":true,"href":"https:\/\/www.ecocampingrural.com\/index.php\/wp-json\/wp\/v2\/media\/1218"}],"wp:attachment":[{"href":"https:\/\/www.ecocampingrural.com\/index.php\/wp-json\/wp\/v2\/media?parent=1216"}],"wp:term":[{"taxonomy":"category","embeddable":true,"href":"https:\/\/www.ecocampingrural.com\/index.php\/wp-json\/wp\/v2\/categories?post=1216"},{"taxonomy":"post_tag","embeddable":true,"href":"https:\/\/www.ecocampingrural.com\/index.php\/wp-json\/wp\/v2\/tags?post=1216"}],"curies":[{"name":"wp","href":"https:\/\/api.w.org\/{rel}","templated":true}]}}