{"id":1268,"date":"2023-04-28T09:01:37","date_gmt":"2023-04-28T09:01:37","guid":{"rendered":"https:\/\/www.ecocampingrural.com\/?p=1268"},"modified":"2023-04-28T09:07:33","modified_gmt":"2023-04-28T09:07:33","slug":"camping-noche-san-juan-sin-petardos","status":"publish","type":"post","link":"https:\/\/www.ecocampingrural.com\/index.php\/2023\/04\/28\/camping-noche-san-juan-sin-petardos\/","title":{"rendered":"San Juan sin petardos"},"content":{"rendered":"\n<h2 class=\"has-medium-font-size wp-block-heading\">Camping para celebrar la noche de San Juan sin petardos ni fuegos artificiales<\/h2>\n\n\n\n<p>\u00a1Repetimos! Si estas buscando un <strong>Camping<\/strong> para celebrar la <strong>Noche de San Juan sin Petardos<\/strong>&#8230; has llegado al lugar indicado. La experiencia del a\u00f1o pasado fue tan&#8230; guay y quedasteis tan contentos, que este a\u00f1o no quer\u00edamos dejar pasar la oportunidad de volver organizar algo similar en Ecocamping Rural Valle de La Fueva. <\/p>\n\n\n\n<p>Los que ya nos conocen saben que somos <strong>Petfriendly<\/strong> y que nos encanta que viajes con tu mascota. Nuestro <strong><a href=\"https:\/\/www.ecocampingrural.com\/index.php\/instalaciones-sanitarios-barbacoa-piscina\/\" target=\"_blank\" rel=\"noreferrer noopener\">camping<\/a><\/strong>, rodeado de naturaleza, es ideal para que puedan correr, saltar y reencontrarse con sus or\u00edgenes. Un lugar perfecto para disfrutar del silencio de un valle como el de <a href=\"http:\/\/www.lafueva.com\" target=\"_blank\" rel=\"noreferrer noopener\">La Fueva<\/a>, especialmente una noche como esta. <\/p>\n\n\n\n<p>Si no nos conoces, y estas leyendo esto, es porque se acerca la que quiz\u00e1 sea la noche m\u00e1s temida por muchas de nuestras mascotas y estas buscando un lugar al que poder escaparte o, simplemente, celebrarla sin miedo a que tu peludo amigo lo pase mal.<\/p>\n\n\n<div class=\"wp-block-image\">\n<figure class=\"aligncenter size-full\"><img decoding=\"async\" width=\"846\" height=\"477\" src=\"https:\/\/www.ecocampingrural.com\/wp-content\/uploads\/2023\/04\/verbena-san-juan-camping.jpeg\" alt=\"verbena-noche-san-juan\" class=\"wp-image-1270\" srcset=\"https:\/\/www.ecocampingrural.com\/wp-content\/uploads\/2023\/04\/verbena-san-juan-camping.jpeg 846w, https:\/\/www.ecocampingrural.com\/wp-content\/uploads\/2023\/04\/verbena-san-juan-camping-300x169.jpeg 300w, https:\/\/www.ecocampingrural.com\/wp-content\/uploads\/2023\/04\/verbena-san-juan-camping-768x433.jpeg 768w\" sizes=\"(max-width: 846px) 100vw, 846px\" \/><figcaption class=\"wp-element-caption\">Magic Night with music<\/figcaption><\/figure><\/div>\n\n\n<blockquote class=\"wp-block-quote is-style-default is-layout-flow wp-block-quote-is-layout-flow\">\n<p><em><strong>\u00a1Atenci\u00f3n!<\/strong> Durante la noche de San Juan estar\u00e1 prohibido tirar petardos y cohetes, tanto en nuestro camping como en los alrededores del mismo.<\/em><\/p>\n<cite>L<span class=\"highlight\">a direcci\u00f3n<\/span><\/cite><\/blockquote>\n\n\n\n<h2 class=\"has-medium-font-size wp-block-heading\">\u00bfUn buen plan, para la noche de San Juan?<\/h2>\n\n\n\n<p>Estamos preparando nuestra segunda Noche de San Juan. Indudablemente y con la experiencia positiva del a\u00f1o pasado, queremos que volv\u00e1is a disfrutar del atardecer en nuestra terraza, con la <strong>m\u00fasica de fondo<\/strong> que nos ofrecer\u00e1n los hermanos Barquero<strong> en ac\u00fastico<\/strong>,  y de una sencilla <strong>cena <\/strong>elaborada con <strong>productos de proximidad<\/strong>, acompa\u00f1ada de una botella de vino del Somontano y una peque\u00f1a <strong>hoguera<\/strong> para quemar buenos deseos e intenciones.<\/p>\n\n\n\n<hr class=\"wp-block-separator has-alpha-channel-opacity\"\/>\n\n\n\n<p class=\"has-text-align-center\"><strong>MEN\u00da NOCHE DE SAN JUAN<\/strong><br><sub><sup>(PARA DOS PERSONAS)<\/sup><\/sub><\/p>\n\n\n\n<p class=\"has-text-align-center\">TOSTADA DE PAN CON TOMATE Y JAM\u00d3N<br>CU\u00d1A DE QUESO CON MERMELADA DE HIGOS<br>CAZUELITA DE LONGANIZA DE GRAUS FRITA<br>BOTELLA DE VINO D.O. SOMONTANO<br><em><sup>(Tinto, Blanco o Rosado)<\/sup><\/em><\/p>\n\n\n\n<p class=\"has-text-align-center\"><strong>40 \u20ac<\/strong><br><em><sup>I.V.A. INCLUIDO<\/sup><\/em><\/p>\n\n\n\n<p class=\"has-text-align-center\">Imprescindible reserva previa<br><sup>(L\u00edmite de reservas \u2013 mi\u00e9rcoles 21\/06)<\/sup><\/p>\n\n\n\n<hr class=\"wp-block-separator has-alpha-channel-opacity\"\/>\n\n\n\n<p><br>Todo ello sin olvidar que tambi\u00e9n queremos ser embajadores de la tranquilidad y evitar a toda costa ruidos que generen estr\u00e9s tanto a animales como a personas, por lo que tambi\u00e9n os indicamos que <strong>la pirotecnia estar\u00e1 completamente prohibida<\/strong> tanto en el camping como en los alrededores del mismo.<\/p>\n\n\n\n<figure class=\"wp-block-image size-large\"><img decoding=\"async\" width=\"1024\" height=\"462\" src=\"https:\/\/www.ecocampingrural.com\/wp-content\/uploads\/2022\/06\/WhatsApp-Image-2022-06-25-at-10.36.54-PM-1-1024x462.jpeg\" alt=\"hoguera-Noche-San-Juan-petardos\" class=\"wp-image-932\" srcset=\"https:\/\/www.ecocampingrural.com\/wp-content\/uploads\/2022\/06\/WhatsApp-Image-2022-06-25-at-10.36.54-PM-1-1024x462.jpeg 1024w, https:\/\/www.ecocampingrural.com\/wp-content\/uploads\/2022\/06\/WhatsApp-Image-2022-06-25-at-10.36.54-PM-1-300x135.jpeg 300w, https:\/\/www.ecocampingrural.com\/wp-content\/uploads\/2022\/06\/WhatsApp-Image-2022-06-25-at-10.36.54-PM-1-768x346.jpeg 768w, https:\/\/www.ecocampingrural.com\/wp-content\/uploads\/2022\/06\/WhatsApp-Image-2022-06-25-at-10.36.54-PM-1-1536x692.jpeg 1536w, https:\/\/www.ecocampingrural.com\/wp-content\/uploads\/2022\/06\/WhatsApp-Image-2022-06-25-at-10.36.54-PM-1.jpeg 2048w\" sizes=\"(max-width: 1024px) 100vw, 1024px\" \/><figcaption class=\"wp-element-caption\">Magic Night with music and fire<\/figcaption><\/figure>\n\n\n\n<p>Creemos que no permitir este tipo de elementos no esta re\u00f1ido con poder celebrar esta m\u00e1gica noche. Desde<strong> Ecocamping Rural Valle de La Fueva<\/strong> te proponemos celebrar la noche de San Juan sin petardos&#8230; una tarde de m\u00fasica en directo disfrutando del atardecer. No ser\u00e1 una verbena al uso, pero el d\u00fao de los hermanos Barquero sonando de fondo, nos permitir\u00e1 disfrutar de las espectaculares vistas que el final del d\u00eda nos ofrece. La hoguera, como ves en las fotos, tampoco es la t\u00edpica, pero nos permitir\u00e1 recrear una vez m\u00e1s, esta tradici\u00f3n pagana.<br>Por cierto, <a href=\"https:\/\/historia.nationalgeographic.com.es\/a\/origen-hogueras-san-juan_16845\" target=\"_blank\" rel=\"noreferrer noopener\">\u00bfconoces el origen y el porqu\u00e9 de esta fiesta?<\/a><\/p>\n\n\n\n<h4 class=\"has-medium-font-size wp-block-heading\"><strong>\u00bfTe apuntas a una noche de San Juan sin petardos en el Pirineo Aragon\u00e9s?<\/strong><\/h4>\n\n\n\n<div class=\"wp-block-buttons is-layout-flex wp-block-buttons-is-layout-flex\">\n<div class=\"wp-block-button aligncenter\"><a class=\"wp-block-button__link wp-element-button\" href=\"https:\/\/www.reservaonline.support\/ecocampingrural\/reservas.html\" target=\"_blank\" rel=\"noreferrer noopener\">Reservar Parcela Ahora<\/a><\/div>\n<\/div>\n\n\n\n<p><em>Camping para celebrar la noche de San Juan sin petardos<\/em><\/p>\n","protected":false},"excerpt":{"rendered":"<p>Camping para celebrar la noche de San Juan sin petardos ni fuegos artificiales \u00a1Repetimos! Si estas buscando un Camping para celebrar la Noche de San Juan sin Petardos&#8230; has llegado al lugar indicado. La experiencia del a\u00f1o pasado fue tan&#8230; guay y quedasteis tan contentos, que este a\u00f1o no quer\u00edamos dejar pasar la oportunidad de&hellip;&nbsp;<a href=\"https:\/\/www.ecocampingrural.com\/index.php\/2023\/04\/28\/camping-noche-san-juan-sin-petardos\/\" rel=\"bookmark\">Leer m\u00e1s &raquo;<span class=\"screen-reader-text\">San Juan sin petardos<\/span><\/a><\/p>\n","protected":false},"author":1,"featured_media":1272,"comment_status":"open","ping_status":"open","sticky":false,"template":"","format":"standard","meta":{"_uf_show_specific_survey":0,"_uf_disable_surveys":false,"neve_meta_sidebar":"","neve_meta_container":"","neve_meta_enable_content_width":"","neve_meta_content_width":0,"neve_meta_title_alignment":"","neve_meta_author_avatar":"","neve_post_elements_order":"[\"content\",\"tags\"]","neve_meta_disable_header":"","neve_meta_disable_footer":"","neve_meta_disable_title":"","_themeisle_gutenberg_block_has_review":false,"footnotes":""},"categories":[6],"tags":[101,39,100,102,99],"class_list":["post-1268","post","type-post","status-publish","format-standard","has-post-thumbnail","hentry","category-noticias","tag-camping-con-verbena","tag-camping-en-el-pirineo","tag-camping-sin-petardos","tag-san-juan","tag-sant-joan"],"yoast_head":"<!-- This site is optimized with the Yoast SEO plugin v25.6 - https:\/\/yoast.com\/wordpress\/plugins\/seo\/ -->\n<title>Camping para celebrar la noche de San Juan sin petardos<\/title>\n<meta name=\"description\" content=\"Camping en el Pirineo Aragon\u00e9s para celebrar la noche de San Juan sin petardos. M\u00fasica en directo y hoguera. Especial Mascotas.\" \/>\n<meta name=\"robots\" content=\"index, follow, max-snippet:-1, max-image-preview:large, max-video-preview:-1\" \/>\n<link rel=\"canonical\" href=\"https:\/\/www.ecocampingrural.com\/index.php\/2023\/04\/28\/camping-noche-san-juan-sin-petardos\/\" \/>\n<meta property=\"og:locale\" content=\"es_ES\" \/>\n<meta property=\"og:type\" content=\"article\" \/>\n<meta property=\"og:title\" content=\"Camping para celebrar la noche de San Juan sin petardos\" \/>\n<meta property=\"og:description\" content=\"Camping en el Pirineo Aragon\u00e9s para celebrar la noche de San Juan sin petardos. M\u00fasica en directo y hoguera. Especial Mascotas.\" \/>\n<meta property=\"og:url\" content=\"https:\/\/www.ecocampingrural.com\/index.php\/2023\/04\/28\/camping-noche-san-juan-sin-petardos\/\" \/>\n<meta property=\"og:site_name\" content=\"Ecocamping Rural\" \/>\n<meta property=\"article:publisher\" content=\"https:\/\/www.facebook.com\/campinglafueva\" \/>\n<meta property=\"article:published_time\" content=\"2023-04-28T09:01:37+00:00\" \/>\n<meta property=\"article:modified_time\" content=\"2023-04-28T09:07:33+00:00\" \/>\n<meta property=\"og:image\" content=\"https:\/\/www.ecocampingrural.com\/wp-content\/uploads\/2023\/04\/perros-petardos-san-juan.jpg\" \/>\n\t<meta property=\"og:image:width\" content=\"1000\" \/>\n\t<meta property=\"og:image:height\" content=\"686\" \/>\n\t<meta property=\"og:image:type\" content=\"image\/jpeg\" \/>\n<meta name=\"author\" content=\"ecocamping\" \/>\n<meta name=\"twitter:card\" content=\"summary_large_image\" \/>\n<meta name=\"twitter:label1\" content=\"Escrito por\" \/>\n\t<meta name=\"twitter:data1\" content=\"ecocamping\" \/>\n\t<meta name=\"twitter:label2\" content=\"Tiempo de lectura\" \/>\n\t<meta name=\"twitter:data2\" content=\"3 minutos\" \/>\n<script type=\"application\/ld+json\" class=\"yoast-schema-graph\">{\"@context\":\"https:\/\/schema.org\",\"@graph\":[{\"@type\":\"Article\",\"@id\":\"https:\/\/www.ecocampingrural.com\/index.php\/2023\/04\/28\/camping-noche-san-juan-sin-petardos\/#article\",\"isPartOf\":{\"@id\":\"https:\/\/www.ecocampingrural.com\/index.php\/2023\/04\/28\/camping-noche-san-juan-sin-petardos\/\"},\"author\":{\"name\":\"ecocamping\",\"@id\":\"https:\/\/www.ecocampingrural.com\/#\/schema\/person\/672b4c97857d8a1fc3fc8a7af38f40c3\"},\"headline\":\"San Juan sin petardos\",\"datePublished\":\"2023-04-28T09:01:37+00:00\",\"dateModified\":\"2023-04-28T09:07:33+00:00\",\"mainEntityOfPage\":{\"@id\":\"https:\/\/www.ecocampingrural.com\/index.php\/2023\/04\/28\/camping-noche-san-juan-sin-petardos\/\"},\"wordCount\":541,\"commentCount\":0,\"publisher\":{\"@id\":\"https:\/\/www.ecocampingrural.com\/#organization\"},\"image\":{\"@id\":\"https:\/\/www.ecocampingrural.com\/index.php\/2023\/04\/28\/camping-noche-san-juan-sin-petardos\/#primaryimage\"},\"thumbnailUrl\":\"https:\/\/www.ecocampingrural.com\/wp-content\/uploads\/2023\/04\/perros-petardos-san-juan.jpg\",\"keywords\":[\"Camping con verbena\",\"Camping en el Pirineo\",\"Camping sin petardos\",\"San Juan\",\"Sant Joan\"],\"articleSection\":[\"Noticias\"],\"inLanguage\":\"es\",\"potentialAction\":[{\"@type\":\"CommentAction\",\"name\":\"Comment\",\"target\":[\"https:\/\/www.ecocampingrural.com\/index.php\/2023\/04\/28\/camping-noche-san-juan-sin-petardos\/#respond\"]}]},{\"@type\":\"WebPage\",\"@id\":\"https:\/\/www.ecocampingrural.com\/index.php\/2023\/04\/28\/camping-noche-san-juan-sin-petardos\/\",\"url\":\"https:\/\/www.ecocampingrural.com\/index.php\/2023\/04\/28\/camping-noche-san-juan-sin-petardos\/\",\"name\":\"Camping para celebrar la noche de San Juan sin petardos\",\"isPartOf\":{\"@id\":\"https:\/\/www.ecocampingrural.com\/#website\"},\"primaryImageOfPage\":{\"@id\":\"https:\/\/www.ecocampingrural.com\/index.php\/2023\/04\/28\/camping-noche-san-juan-sin-petardos\/#primaryimage\"},\"image\":{\"@id\":\"https:\/\/www.ecocampingrural.com\/index.php\/2023\/04\/28\/camping-noche-san-juan-sin-petardos\/#primaryimage\"},\"thumbnailUrl\":\"https:\/\/www.ecocampingrural.com\/wp-content\/uploads\/2023\/04\/perros-petardos-san-juan.jpg\",\"datePublished\":\"2023-04-28T09:01:37+00:00\",\"dateModified\":\"2023-04-28T09:07:33+00:00\",\"description\":\"Camping en el Pirineo Aragon\u00e9s para celebrar la noche de San Juan sin petardos. M\u00fasica en directo y hoguera. Especial Mascotas.\",\"breadcrumb\":{\"@id\":\"https:\/\/www.ecocampingrural.com\/index.php\/2023\/04\/28\/camping-noche-san-juan-sin-petardos\/#breadcrumb\"},\"inLanguage\":\"es\",\"potentialAction\":[{\"@type\":\"ReadAction\",\"target\":[\"https:\/\/www.ecocampingrural.com\/index.php\/2023\/04\/28\/camping-noche-san-juan-sin-petardos\/\"]}]},{\"@type\":\"ImageObject\",\"inLanguage\":\"es\",\"@id\":\"https:\/\/www.ecocampingrural.com\/index.php\/2023\/04\/28\/camping-noche-san-juan-sin-petardos\/#primaryimage\",\"url\":\"https:\/\/www.ecocampingrural.com\/wp-content\/uploads\/2023\/04\/perros-petardos-san-juan.jpg\",\"contentUrl\":\"https:\/\/www.ecocampingrural.com\/wp-content\/uploads\/2023\/04\/perros-petardos-san-juan.jpg\",\"width\":1000,\"height\":686,\"caption\":\"san-juan-perros-petardos\"},{\"@type\":\"BreadcrumbList\",\"@id\":\"https:\/\/www.ecocampingrural.com\/index.php\/2023\/04\/28\/camping-noche-san-juan-sin-petardos\/#breadcrumb\",\"itemListElement\":[{\"@type\":\"ListItem\",\"position\":1,\"name\":\"Portada\",\"item\":\"https:\/\/www.ecocampingrural.com\/\"},{\"@type\":\"ListItem\",\"position\":2,\"name\":\"San Juan sin petardos\"}]},{\"@type\":\"WebSite\",\"@id\":\"https:\/\/www.ecocampingrural.com\/#website\",\"url\":\"https:\/\/www.ecocampingrural.com\/\",\"name\":\"Ecocamping Rural Valle de La Fueva\",\"description\":\"Valle de La Fueva\",\"publisher\":{\"@id\":\"https:\/\/www.ecocampingrural.com\/#organization\"},\"potentialAction\":[{\"@type\":\"SearchAction\",\"target\":{\"@type\":\"EntryPoint\",\"urlTemplate\":\"https:\/\/www.ecocampingrural.com\/?s={search_term_string}\"},\"query-input\":{\"@type\":\"PropertyValueSpecification\",\"valueRequired\":true,\"valueName\":\"search_term_string\"}}],\"inLanguage\":\"es\"},{\"@type\":\"Organization\",\"@id\":\"https:\/\/www.ecocampingrural.com\/#organization\",\"name\":\"ECOCAMPING RURAL SC\",\"url\":\"https:\/\/www.ecocampingrural.com\/\",\"logo\":{\"@type\":\"ImageObject\",\"inLanguage\":\"es\",\"@id\":\"https:\/\/www.ecocampingrural.com\/#\/schema\/logo\/image\/\",\"url\":\"https:\/\/www.ecocampingrural.com\/wp-content\/uploads\/2021\/02\/LOGODEFVERDE.png\",\"contentUrl\":\"https:\/\/www.ecocampingrural.com\/wp-content\/uploads\/2021\/02\/LOGODEFVERDE.png\",\"width\":865,\"height\":579,\"caption\":\"ECOCAMPING RURAL SC\"},\"image\":{\"@id\":\"https:\/\/www.ecocampingrural.com\/#\/schema\/logo\/image\/\"},\"sameAs\":[\"https:\/\/www.facebook.com\/campinglafueva\",\"https:\/\/www.instagram.com\/ecocampingrural\/\"]},{\"@type\":\"Person\",\"@id\":\"https:\/\/www.ecocampingrural.com\/#\/schema\/person\/672b4c97857d8a1fc3fc8a7af38f40c3\",\"name\":\"ecocamping\",\"image\":{\"@type\":\"ImageObject\",\"inLanguage\":\"es\",\"@id\":\"https:\/\/www.ecocampingrural.com\/#\/schema\/person\/image\/\",\"url\":\"https:\/\/secure.gravatar.com\/avatar\/10dc49e0ad13fae4dcb4f35dca9fcdb9?s=96&d=mm&r=g\",\"contentUrl\":\"https:\/\/secure.gravatar.com\/avatar\/10dc49e0ad13fae4dcb4f35dca9fcdb9?s=96&d=mm&r=g\",\"caption\":\"ecocamping\"},\"sameAs\":[\"http:\/\/www.ecocampingrural.com\"]}]}<\/script>\n<!-- \/ Yoast SEO plugin. -->","yoast_head_json":{"title":"Camping para celebrar la noche de San Juan sin petardos","description":"Camping en el Pirineo Aragon\u00e9s para celebrar la noche de San Juan sin petardos. M\u00fasica en directo y hoguera. Especial Mascotas.","robots":{"index":"index","follow":"follow","max-snippet":"max-snippet:-1","max-image-preview":"max-image-preview:large","max-video-preview":"max-video-preview:-1"},"canonical":"https:\/\/www.ecocampingrural.com\/index.php\/2023\/04\/28\/camping-noche-san-juan-sin-petardos\/","og_locale":"es_ES","og_type":"article","og_title":"Camping para celebrar la noche de San Juan sin petardos","og_description":"Camping en el Pirineo Aragon\u00e9s para celebrar la noche de San Juan sin petardos. M\u00fasica en directo y hoguera. Especial Mascotas.","og_url":"https:\/\/www.ecocampingrural.com\/index.php\/2023\/04\/28\/camping-noche-san-juan-sin-petardos\/","og_site_name":"Ecocamping Rural","article_publisher":"https:\/\/www.facebook.com\/campinglafueva","article_published_time":"2023-04-28T09:01:37+00:00","article_modified_time":"2023-04-28T09:07:33+00:00","og_image":[{"width":1000,"height":686,"url":"https:\/\/www.ecocampingrural.com\/wp-content\/uploads\/2023\/04\/perros-petardos-san-juan.jpg","type":"image\/jpeg"}],"author":"ecocamping","twitter_card":"summary_large_image","twitter_misc":{"Escrito por":"ecocamping","Tiempo de lectura":"3 minutos"},"schema":{"@context":"https:\/\/schema.org","@graph":[{"@type":"Article","@id":"https:\/\/www.ecocampingrural.com\/index.php\/2023\/04\/28\/camping-noche-san-juan-sin-petardos\/#article","isPartOf":{"@id":"https:\/\/www.ecocampingrural.com\/index.php\/2023\/04\/28\/camping-noche-san-juan-sin-petardos\/"},"author":{"name":"ecocamping","@id":"https:\/\/www.ecocampingrural.com\/#\/schema\/person\/672b4c97857d8a1fc3fc8a7af38f40c3"},"headline":"San Juan sin petardos","datePublished":"2023-04-28T09:01:37+00:00","dateModified":"2023-04-28T09:07:33+00:00","mainEntityOfPage":{"@id":"https:\/\/www.ecocampingrural.com\/index.php\/2023\/04\/28\/camping-noche-san-juan-sin-petardos\/"},"wordCount":541,"commentCount":0,"publisher":{"@id":"https:\/\/www.ecocampingrural.com\/#organization"},"image":{"@id":"https:\/\/www.ecocampingrural.com\/index.php\/2023\/04\/28\/camping-noche-san-juan-sin-petardos\/#primaryimage"},"thumbnailUrl":"https:\/\/www.ecocampingrural.com\/wp-content\/uploads\/2023\/04\/perros-petardos-san-juan.jpg","keywords":["Camping con verbena","Camping en el Pirineo","Camping sin petardos","San Juan","Sant Joan"],"articleSection":["Noticias"],"inLanguage":"es","potentialAction":[{"@type":"CommentAction","name":"Comment","target":["https:\/\/www.ecocampingrural.com\/index.php\/2023\/04\/28\/camping-noche-san-juan-sin-petardos\/#respond"]}]},{"@type":"WebPage","@id":"https:\/\/www.ecocampingrural.com\/index.php\/2023\/04\/28\/camping-noche-san-juan-sin-petardos\/","url":"https:\/\/www.ecocampingrural.com\/index.php\/2023\/04\/28\/camping-noche-san-juan-sin-petardos\/","name":"Camping para celebrar la noche de San Juan sin petardos","isPartOf":{"@id":"https:\/\/www.ecocampingrural.com\/#website"},"primaryImageOfPage":{"@id":"https:\/\/www.ecocampingrural.com\/index.php\/2023\/04\/28\/camping-noche-san-juan-sin-petardos\/#primaryimage"},"image":{"@id":"https:\/\/www.ecocampingrural.com\/index.php\/2023\/04\/28\/camping-noche-san-juan-sin-petardos\/#primaryimage"},"thumbnailUrl":"https:\/\/www.ecocampingrural.com\/wp-content\/uploads\/2023\/04\/perros-petardos-san-juan.jpg","datePublished":"2023-04-28T09:01:37+00:00","dateModified":"2023-04-28T09:07:33+00:00","description":"Camping en el Pirineo Aragon\u00e9s para celebrar la noche de San Juan sin petardos. M\u00fasica en directo y hoguera. Especial Mascotas.","breadcrumb":{"@id":"https:\/\/www.ecocampingrural.com\/index.php\/2023\/04\/28\/camping-noche-san-juan-sin-petardos\/#breadcrumb"},"inLanguage":"es","potentialAction":[{"@type":"ReadAction","target":["https:\/\/www.ecocampingrural.com\/index.php\/2023\/04\/28\/camping-noche-san-juan-sin-petardos\/"]}]},{"@type":"ImageObject","inLanguage":"es","@id":"https:\/\/www.ecocampingrural.com\/index.php\/2023\/04\/28\/camping-noche-san-juan-sin-petardos\/#primaryimage","url":"https:\/\/www.ecocampingrural.com\/wp-content\/uploads\/2023\/04\/perros-petardos-san-juan.jpg","contentUrl":"https:\/\/www.ecocampingrural.com\/wp-content\/uploads\/2023\/04\/perros-petardos-san-juan.jpg","width":1000,"height":686,"caption":"san-juan-perros-petardos"},{"@type":"BreadcrumbList","@id":"https:\/\/www.ecocampingrural.com\/index.php\/2023\/04\/28\/camping-noche-san-juan-sin-petardos\/#breadcrumb","itemListElement":[{"@type":"ListItem","position":1,"name":"Portada","item":"https:\/\/www.ecocampingrural.com\/"},{"@type":"ListItem","position":2,"name":"San Juan sin petardos"}]},{"@type":"WebSite","@id":"https:\/\/www.ecocampingrural.com\/#website","url":"https:\/\/www.ecocampingrural.com\/","name":"Ecocamping Rural Valle de La Fueva","description":"Valle de La Fueva","publisher":{"@id":"https:\/\/www.ecocampingrural.com\/#organization"},"potentialAction":[{"@type":"SearchAction","target":{"@type":"EntryPoint","urlTemplate":"https:\/\/www.ecocampingrural.com\/?s={search_term_string}"},"query-input":{"@type":"PropertyValueSpecification","valueRequired":true,"valueName":"search_term_string"}}],"inLanguage":"es"},{"@type":"Organization","@id":"https:\/\/www.ecocampingrural.com\/#organization","name":"ECOCAMPING RURAL SC","url":"https:\/\/www.ecocampingrural.com\/","logo":{"@type":"ImageObject","inLanguage":"es","@id":"https:\/\/www.ecocampingrural.com\/#\/schema\/logo\/image\/","url":"https:\/\/www.ecocampingrural.com\/wp-content\/uploads\/2021\/02\/LOGODEFVERDE.png","contentUrl":"https:\/\/www.ecocampingrural.com\/wp-content\/uploads\/2021\/02\/LOGODEFVERDE.png","width":865,"height":579,"caption":"ECOCAMPING RURAL SC"},"image":{"@id":"https:\/\/www.ecocampingrural.com\/#\/schema\/logo\/image\/"},"sameAs":["https:\/\/www.facebook.com\/campinglafueva","https:\/\/www.instagram.com\/ecocampingrural\/"]},{"@type":"Person","@id":"https:\/\/www.ecocampingrural.com\/#\/schema\/person\/672b4c97857d8a1fc3fc8a7af38f40c3","name":"ecocamping","image":{"@type":"ImageObject","inLanguage":"es","@id":"https:\/\/www.ecocampingrural.com\/#\/schema\/person\/image\/","url":"https:\/\/secure.gravatar.com\/avatar\/10dc49e0ad13fae4dcb4f35dca9fcdb9?s=96&d=mm&r=g","contentUrl":"https:\/\/secure.gravatar.com\/avatar\/10dc49e0ad13fae4dcb4f35dca9fcdb9?s=96&d=mm&r=g","caption":"ecocamping"},"sameAs":["http:\/\/www.ecocampingrural.com"]}]}},"_links":{"self":[{"href":"https:\/\/www.ecocampingrural.com\/index.php\/wp-json\/wp\/v2\/posts\/1268","targetHints":{"allow":["GET"]}}],"collection":[{"href":"https:\/\/www.ecocampingrural.com\/index.php\/wp-json\/wp\/v2\/posts"}],"about":[{"href":"https:\/\/www.ecocampingrural.com\/index.php\/wp-json\/wp\/v2\/types\/post"}],"author":[{"embeddable":true,"href":"https:\/\/www.ecocampingrural.com\/index.php\/wp-json\/wp\/v2\/users\/1"}],"replies":[{"embeddable":true,"href":"https:\/\/www.ecocampingrural.com\/index.php\/wp-json\/wp\/v2\/comments?post=1268"}],"version-history":[{"count":0,"href":"https:\/\/www.ecocampingrural.com\/index.php\/wp-json\/wp\/v2\/posts\/1268\/revisions"}],"wp:featuredmedia":[{"embeddable":true,"href":"https:\/\/www.ecocampingrural.com\/index.php\/wp-json\/wp\/v2\/media\/1272"}],"wp:attachment":[{"href":"https:\/\/www.ecocampingrural.com\/index.php\/wp-json\/wp\/v2\/media?parent=1268"}],"wp:term":[{"taxonomy":"category","embeddable":true,"href":"https:\/\/www.ecocampingrural.com\/index.php\/wp-json\/wp\/v2\/categories?post=1268"},{"taxonomy":"post_tag","embeddable":true,"href":"https:\/\/www.ecocampingrural.com\/index.php\/wp-json\/wp\/v2\/tags?post=1268"}],"curies":[{"name":"wp","href":"https:\/\/api.w.org\/{rel}","templated":true}]}}