{"id":134,"date":"2021-02-22T17:06:11","date_gmt":"2021-02-22T17:06:11","guid":{"rendered":"http:\/\/www.ecocampingrural.com\/?p=134"},"modified":"2021-02-22T17:19:28","modified_gmt":"2021-02-22T17:19:28","slug":"entrevista-en-radio-sobrarbe-camping-valle-de-la-fueva","status":"publish","type":"post","link":"https:\/\/www.ecocampingrural.com\/index.php\/2021\/02\/22\/entrevista-en-radio-sobrarbe-camping-valle-de-la-fueva\/","title":{"rendered":"Entrevista en Radio Sobrarbe &#8211; Camping Valle de La Fueva"},"content":{"rendered":"\n<p>El pasado 16 de febrero visitamos la secci\u00f3n de emprendedores de Radio Sobrarbe, en una entrevista con Mamen Pardina, para hablar del proyecto de construcci\u00f3n del nuevo camping familiar con \u00e1rea de autocaravanas y campers en el municipio de La Fueva. Si quer\u00e9is, \u00a1pod\u00e9is escucharla a continuaci\u00f3n!<\/p>\n\n\n\n<figure class=\"wp-block-audio\"><audio controls src=\"https:\/\/www.radiosobrarbe.es\/audio\/camping%20alueza.mp3\"><\/audio><\/figure>\n\n\n\n<p><\/p>\n","protected":false},"excerpt":{"rendered":"<p>El pasado 16 de febrero visitamos la secci\u00f3n de emprendedores de Radio Sobrarbe, en una entrevista con Mamen Pardina, para hablar del proyecto de construcci\u00f3n del nuevo camping familiar con \u00e1rea de autocaravanas y campers en el municipio de La Fueva. Si quer\u00e9is, \u00a1pod\u00e9is escucharla a continuaci\u00f3n!<\/p>\n","protected":false},"author":1,"featured_media":135,"comment_status":"open","ping_status":"open","sticky":false,"template":"","format":"standard","meta":{"_uf_show_specific_survey":0,"_uf_disable_surveys":false,"neve_meta_sidebar":"","neve_meta_container":"","neve_meta_enable_content_width":"","neve_meta_content_width":0,"neve_meta_title_alignment":"","neve_meta_author_avatar":"","neve_post_elements_order":"","neve_meta_disable_header":"","neve_meta_disable_footer":"","neve_meta_disable_title":"","_themeisle_gutenberg_block_has_review":false,"footnotes":""},"categories":[6],"tags":[7,16,9,14,12,13,15],"class_list":["post-134","post","type-post","status-publish","format-standard","has-post-thumbnail","hentry","category-noticias","tag-camping","tag-camping-familiar","tag-camping-la-fueva","tag-ecocamping-rural","tag-radio-sobrarbe","tag-sobrarbe","tag-valle-de-la-fueva"],"yoast_head":"<!-- This site is optimized with the Yoast SEO plugin v25.6 - https:\/\/yoast.com\/wordpress\/plugins\/seo\/ -->\n<title>Entrevista en Radio Sobrarbe - Camping Valle de La Fueva - Ecocamping Rural<\/title>\n<meta name=\"robots\" content=\"index, follow, max-snippet:-1, max-image-preview:large, max-video-preview:-1\" \/>\n<link rel=\"canonical\" href=\"https:\/\/www.ecocampingrural.com\/index.php\/2021\/02\/22\/entrevista-en-radio-sobrarbe-camping-valle-de-la-fueva\/\" \/>\n<meta property=\"og:locale\" content=\"es_ES\" \/>\n<meta property=\"og:type\" content=\"article\" \/>\n<meta property=\"og:title\" content=\"Entrevista en Radio Sobrarbe - Camping Valle de La Fueva - Ecocamping Rural\" \/>\n<meta property=\"og:description\" content=\"El pasado 16 de febrero visitamos la secci\u00f3n de emprendedores de Radio Sobrarbe, en una entrevista con Mamen Pardina, para hablar del proyecto de construcci\u00f3n del nuevo camping familiar con \u00e1rea de autocaravanas y campers en el municipio de La Fueva. Si quer\u00e9is, \u00a1pod\u00e9is escucharla a continuaci\u00f3n!\" \/>\n<meta property=\"og:url\" content=\"https:\/\/www.ecocampingrural.com\/index.php\/2021\/02\/22\/entrevista-en-radio-sobrarbe-camping-valle-de-la-fueva\/\" \/>\n<meta property=\"og:site_name\" content=\"Ecocamping Rural\" \/>\n<meta property=\"article:publisher\" content=\"https:\/\/www.facebook.com\/campinglafueva\" \/>\n<meta property=\"article:published_time\" content=\"2021-02-22T17:06:11+00:00\" \/>\n<meta property=\"article:modified_time\" content=\"2021-02-22T17:19:28+00:00\" \/>\n<meta property=\"og:image\" content=\"https:\/\/i0.wp.com\/www.ecocampingrural.com\/wp-content\/uploads\/2021\/02\/camping-la-fueva-entrevista-camping-la-fueva-scaled.jpg?fit=2560%2C1440&ssl=1\" \/>\n\t<meta property=\"og:image:width\" content=\"2560\" \/>\n\t<meta property=\"og:image:height\" content=\"1440\" \/>\n\t<meta property=\"og:image:type\" content=\"image\/jpeg\" \/>\n<meta name=\"author\" content=\"ecocamping\" \/>\n<meta name=\"twitter:card\" content=\"summary_large_image\" \/>\n<meta name=\"twitter:label1\" content=\"Escrito por\" \/>\n\t<meta name=\"twitter:data1\" content=\"ecocamping\" \/>\n<script type=\"application\/ld+json\" class=\"yoast-schema-graph\">{\"@context\":\"https:\/\/schema.org\",\"@graph\":[{\"@type\":\"Article\",\"@id\":\"https:\/\/www.ecocampingrural.com\/index.php\/2021\/02\/22\/entrevista-en-radio-sobrarbe-camping-valle-de-la-fueva\/#article\",\"isPartOf\":{\"@id\":\"https:\/\/www.ecocampingrural.com\/index.php\/2021\/02\/22\/entrevista-en-radio-sobrarbe-camping-valle-de-la-fueva\/\"},\"author\":{\"name\":\"ecocamping\",\"@id\":\"https:\/\/www.ecocampingrural.com\/#\/schema\/person\/672b4c97857d8a1fc3fc8a7af38f40c3\"},\"headline\":\"Entrevista en Radio Sobrarbe &#8211; Camping Valle de La Fueva\",\"datePublished\":\"2021-02-22T17:06:11+00:00\",\"dateModified\":\"2021-02-22T17:19:28+00:00\",\"mainEntityOfPage\":{\"@id\":\"https:\/\/www.ecocampingrural.com\/index.php\/2021\/02\/22\/entrevista-en-radio-sobrarbe-camping-valle-de-la-fueva\/\"},\"wordCount\":61,\"commentCount\":0,\"publisher\":{\"@id\":\"https:\/\/www.ecocampingrural.com\/#organization\"},\"image\":{\"@id\":\"https:\/\/www.ecocampingrural.com\/index.php\/2021\/02\/22\/entrevista-en-radio-sobrarbe-camping-valle-de-la-fueva\/#primaryimage\"},\"thumbnailUrl\":\"https:\/\/www.ecocampingrural.com\/wp-content\/uploads\/2021\/02\/camping-la-fueva-entrevista-camping-la-fueva-scaled.jpg\",\"keywords\":[\"Camping\",\"camping familiar\",\"Camping La Fueva\",\"ecocamping rural\",\"radio sobrarbe\",\"sobrarbe\",\"valle de la fueva\"],\"articleSection\":[\"Noticias\"],\"inLanguage\":\"es\",\"potentialAction\":[{\"@type\":\"CommentAction\",\"name\":\"Comment\",\"target\":[\"https:\/\/www.ecocampingrural.com\/index.php\/2021\/02\/22\/entrevista-en-radio-sobrarbe-camping-valle-de-la-fueva\/#respond\"]}]},{\"@type\":\"WebPage\",\"@id\":\"https:\/\/www.ecocampingrural.com\/index.php\/2021\/02\/22\/entrevista-en-radio-sobrarbe-camping-valle-de-la-fueva\/\",\"url\":\"https:\/\/www.ecocampingrural.com\/index.php\/2021\/02\/22\/entrevista-en-radio-sobrarbe-camping-valle-de-la-fueva\/\",\"name\":\"Entrevista en Radio Sobrarbe - Camping Valle de La Fueva - Ecocamping Rural\",\"isPartOf\":{\"@id\":\"https:\/\/www.ecocampingrural.com\/#website\"},\"primaryImageOfPage\":{\"@id\":\"https:\/\/www.ecocampingrural.com\/index.php\/2021\/02\/22\/entrevista-en-radio-sobrarbe-camping-valle-de-la-fueva\/#primaryimage\"},\"image\":{\"@id\":\"https:\/\/www.ecocampingrural.com\/index.php\/2021\/02\/22\/entrevista-en-radio-sobrarbe-camping-valle-de-la-fueva\/#primaryimage\"},\"thumbnailUrl\":\"https:\/\/www.ecocampingrural.com\/wp-content\/uploads\/2021\/02\/camping-la-fueva-entrevista-camping-la-fueva-scaled.jpg\",\"datePublished\":\"2021-02-22T17:06:11+00:00\",\"dateModified\":\"2021-02-22T17:19:28+00:00\",\"breadcrumb\":{\"@id\":\"https:\/\/www.ecocampingrural.com\/index.php\/2021\/02\/22\/entrevista-en-radio-sobrarbe-camping-valle-de-la-fueva\/#breadcrumb\"},\"inLanguage\":\"es\",\"potentialAction\":[{\"@type\":\"ReadAction\",\"target\":[\"https:\/\/www.ecocampingrural.com\/index.php\/2021\/02\/22\/entrevista-en-radio-sobrarbe-camping-valle-de-la-fueva\/\"]}]},{\"@type\":\"ImageObject\",\"inLanguage\":\"es\",\"@id\":\"https:\/\/www.ecocampingrural.com\/index.php\/2021\/02\/22\/entrevista-en-radio-sobrarbe-camping-valle-de-la-fueva\/#primaryimage\",\"url\":\"https:\/\/www.ecocampingrural.com\/wp-content\/uploads\/2021\/02\/camping-la-fueva-entrevista-camping-la-fueva-scaled.jpg\",\"contentUrl\":\"https:\/\/www.ecocampingrural.com\/wp-content\/uploads\/2021\/02\/camping-la-fueva-entrevista-camping-la-fueva-scaled.jpg\",\"width\":2560,\"height\":1440},{\"@type\":\"BreadcrumbList\",\"@id\":\"https:\/\/www.ecocampingrural.com\/index.php\/2021\/02\/22\/entrevista-en-radio-sobrarbe-camping-valle-de-la-fueva\/#breadcrumb\",\"itemListElement\":[{\"@type\":\"ListItem\",\"position\":1,\"name\":\"Portada\",\"item\":\"https:\/\/www.ecocampingrural.com\/\"},{\"@type\":\"ListItem\",\"position\":2,\"name\":\"Entrevista en Radio Sobrarbe &#8211; Camping Valle de La Fueva\"}]},{\"@type\":\"WebSite\",\"@id\":\"https:\/\/www.ecocampingrural.com\/#website\",\"url\":\"https:\/\/www.ecocampingrural.com\/\",\"name\":\"Ecocamping Rural Valle de La Fueva\",\"description\":\"Valle de La Fueva\",\"publisher\":{\"@id\":\"https:\/\/www.ecocampingrural.com\/#organization\"},\"potentialAction\":[{\"@type\":\"SearchAction\",\"target\":{\"@type\":\"EntryPoint\",\"urlTemplate\":\"https:\/\/www.ecocampingrural.com\/?s={search_term_string}\"},\"query-input\":{\"@type\":\"PropertyValueSpecification\",\"valueRequired\":true,\"valueName\":\"search_term_string\"}}],\"inLanguage\":\"es\"},{\"@type\":\"Organization\",\"@id\":\"https:\/\/www.ecocampingrural.com\/#organization\",\"name\":\"ECOCAMPING RURAL SC\",\"url\":\"https:\/\/www.ecocampingrural.com\/\",\"logo\":{\"@type\":\"ImageObject\",\"inLanguage\":\"es\",\"@id\":\"https:\/\/www.ecocampingrural.com\/#\/schema\/logo\/image\/\",\"url\":\"https:\/\/www.ecocampingrural.com\/wp-content\/uploads\/2021\/02\/LOGODEFVERDE.png\",\"contentUrl\":\"https:\/\/www.ecocampingrural.com\/wp-content\/uploads\/2021\/02\/LOGODEFVERDE.png\",\"width\":865,\"height\":579,\"caption\":\"ECOCAMPING RURAL SC\"},\"image\":{\"@id\":\"https:\/\/www.ecocampingrural.com\/#\/schema\/logo\/image\/\"},\"sameAs\":[\"https:\/\/www.facebook.com\/campinglafueva\",\"https:\/\/www.instagram.com\/ecocampingrural\/\"]},{\"@type\":\"Person\",\"@id\":\"https:\/\/www.ecocampingrural.com\/#\/schema\/person\/672b4c97857d8a1fc3fc8a7af38f40c3\",\"name\":\"ecocamping\",\"image\":{\"@type\":\"ImageObject\",\"inLanguage\":\"es\",\"@id\":\"https:\/\/www.ecocampingrural.com\/#\/schema\/person\/image\/\",\"url\":\"https:\/\/secure.gravatar.com\/avatar\/10dc49e0ad13fae4dcb4f35dca9fcdb9?s=96&d=mm&r=g\",\"contentUrl\":\"https:\/\/secure.gravatar.com\/avatar\/10dc49e0ad13fae4dcb4f35dca9fcdb9?s=96&d=mm&r=g\",\"caption\":\"ecocamping\"},\"sameAs\":[\"http:\/\/www.ecocampingrural.com\"]}]}<\/script>\n<!-- \/ Yoast SEO plugin. -->","yoast_head_json":{"title":"Entrevista en Radio Sobrarbe - Camping Valle de La Fueva - Ecocamping Rural","robots":{"index":"index","follow":"follow","max-snippet":"max-snippet:-1","max-image-preview":"max-image-preview:large","max-video-preview":"max-video-preview:-1"},"canonical":"https:\/\/www.ecocampingrural.com\/index.php\/2021\/02\/22\/entrevista-en-radio-sobrarbe-camping-valle-de-la-fueva\/","og_locale":"es_ES","og_type":"article","og_title":"Entrevista en Radio Sobrarbe - Camping Valle de La Fueva - Ecocamping Rural","og_description":"El pasado 16 de febrero visitamos la secci\u00f3n de emprendedores de Radio Sobrarbe, en una entrevista con Mamen Pardina, para hablar del proyecto de construcci\u00f3n del nuevo camping familiar con \u00e1rea de autocaravanas y campers en el municipio de La Fueva. Si quer\u00e9is, \u00a1pod\u00e9is escucharla a continuaci\u00f3n!","og_url":"https:\/\/www.ecocampingrural.com\/index.php\/2021\/02\/22\/entrevista-en-radio-sobrarbe-camping-valle-de-la-fueva\/","og_site_name":"Ecocamping Rural","article_publisher":"https:\/\/www.facebook.com\/campinglafueva","article_published_time":"2021-02-22T17:06:11+00:00","article_modified_time":"2021-02-22T17:19:28+00:00","og_image":[{"width":2560,"height":1440,"url":"https:\/\/i0.wp.com\/www.ecocampingrural.com\/wp-content\/uploads\/2021\/02\/camping-la-fueva-entrevista-camping-la-fueva-scaled.jpg?fit=2560%2C1440&ssl=1","type":"image\/jpeg"}],"author":"ecocamping","twitter_card":"summary_large_image","twitter_misc":{"Escrito por":"ecocamping"},"schema":{"@context":"https:\/\/schema.org","@graph":[{"@type":"Article","@id":"https:\/\/www.ecocampingrural.com\/index.php\/2021\/02\/22\/entrevista-en-radio-sobrarbe-camping-valle-de-la-fueva\/#article","isPartOf":{"@id":"https:\/\/www.ecocampingrural.com\/index.php\/2021\/02\/22\/entrevista-en-radio-sobrarbe-camping-valle-de-la-fueva\/"},"author":{"name":"ecocamping","@id":"https:\/\/www.ecocampingrural.com\/#\/schema\/person\/672b4c97857d8a1fc3fc8a7af38f40c3"},"headline":"Entrevista en Radio Sobrarbe &#8211; Camping Valle de La Fueva","datePublished":"2021-02-22T17:06:11+00:00","dateModified":"2021-02-22T17:19:28+00:00","mainEntityOfPage":{"@id":"https:\/\/www.ecocampingrural.com\/index.php\/2021\/02\/22\/entrevista-en-radio-sobrarbe-camping-valle-de-la-fueva\/"},"wordCount":61,"commentCount":0,"publisher":{"@id":"https:\/\/www.ecocampingrural.com\/#organization"},"image":{"@id":"https:\/\/www.ecocampingrural.com\/index.php\/2021\/02\/22\/entrevista-en-radio-sobrarbe-camping-valle-de-la-fueva\/#primaryimage"},"thumbnailUrl":"https:\/\/www.ecocampingrural.com\/wp-content\/uploads\/2021\/02\/camping-la-fueva-entrevista-camping-la-fueva-scaled.jpg","keywords":["Camping","camping familiar","Camping La Fueva","ecocamping rural","radio sobrarbe","sobrarbe","valle de la fueva"],"articleSection":["Noticias"],"inLanguage":"es","potentialAction":[{"@type":"CommentAction","name":"Comment","target":["https:\/\/www.ecocampingrural.com\/index.php\/2021\/02\/22\/entrevista-en-radio-sobrarbe-camping-valle-de-la-fueva\/#respond"]}]},{"@type":"WebPage","@id":"https:\/\/www.ecocampingrural.com\/index.php\/2021\/02\/22\/entrevista-en-radio-sobrarbe-camping-valle-de-la-fueva\/","url":"https:\/\/www.ecocampingrural.com\/index.php\/2021\/02\/22\/entrevista-en-radio-sobrarbe-camping-valle-de-la-fueva\/","name":"Entrevista en Radio Sobrarbe - Camping Valle de La Fueva - Ecocamping Rural","isPartOf":{"@id":"https:\/\/www.ecocampingrural.com\/#website"},"primaryImageOfPage":{"@id":"https:\/\/www.ecocampingrural.com\/index.php\/2021\/02\/22\/entrevista-en-radio-sobrarbe-camping-valle-de-la-fueva\/#primaryimage"},"image":{"@id":"https:\/\/www.ecocampingrural.com\/index.php\/2021\/02\/22\/entrevista-en-radio-sobrarbe-camping-valle-de-la-fueva\/#primaryimage"},"thumbnailUrl":"https:\/\/www.ecocampingrural.com\/wp-content\/uploads\/2021\/02\/camping-la-fueva-entrevista-camping-la-fueva-scaled.jpg","datePublished":"2021-02-22T17:06:11+00:00","dateModified":"2021-02-22T17:19:28+00:00","breadcrumb":{"@id":"https:\/\/www.ecocampingrural.com\/index.php\/2021\/02\/22\/entrevista-en-radio-sobrarbe-camping-valle-de-la-fueva\/#breadcrumb"},"inLanguage":"es","potentialAction":[{"@type":"ReadAction","target":["https:\/\/www.ecocampingrural.com\/index.php\/2021\/02\/22\/entrevista-en-radio-sobrarbe-camping-valle-de-la-fueva\/"]}]},{"@type":"ImageObject","inLanguage":"es","@id":"https:\/\/www.ecocampingrural.com\/index.php\/2021\/02\/22\/entrevista-en-radio-sobrarbe-camping-valle-de-la-fueva\/#primaryimage","url":"https:\/\/www.ecocampingrural.com\/wp-content\/uploads\/2021\/02\/camping-la-fueva-entrevista-camping-la-fueva-scaled.jpg","contentUrl":"https:\/\/www.ecocampingrural.com\/wp-content\/uploads\/2021\/02\/camping-la-fueva-entrevista-camping-la-fueva-scaled.jpg","width":2560,"height":1440},{"@type":"BreadcrumbList","@id":"https:\/\/www.ecocampingrural.com\/index.php\/2021\/02\/22\/entrevista-en-radio-sobrarbe-camping-valle-de-la-fueva\/#breadcrumb","itemListElement":[{"@type":"ListItem","position":1,"name":"Portada","item":"https:\/\/www.ecocampingrural.com\/"},{"@type":"ListItem","position":2,"name":"Entrevista en Radio Sobrarbe &#8211; Camping Valle de La Fueva"}]},{"@type":"WebSite","@id":"https:\/\/www.ecocampingrural.com\/#website","url":"https:\/\/www.ecocampingrural.com\/","name":"Ecocamping Rural Valle de La Fueva","description":"Valle de La Fueva","publisher":{"@id":"https:\/\/www.ecocampingrural.com\/#organization"},"potentialAction":[{"@type":"SearchAction","target":{"@type":"EntryPoint","urlTemplate":"https:\/\/www.ecocampingrural.com\/?s={search_term_string}"},"query-input":{"@type":"PropertyValueSpecification","valueRequired":true,"valueName":"search_term_string"}}],"inLanguage":"es"},{"@type":"Organization","@id":"https:\/\/www.ecocampingrural.com\/#organization","name":"ECOCAMPING RURAL SC","url":"https:\/\/www.ecocampingrural.com\/","logo":{"@type":"ImageObject","inLanguage":"es","@id":"https:\/\/www.ecocampingrural.com\/#\/schema\/logo\/image\/","url":"https:\/\/www.ecocampingrural.com\/wp-content\/uploads\/2021\/02\/LOGODEFVERDE.png","contentUrl":"https:\/\/www.ecocampingrural.com\/wp-content\/uploads\/2021\/02\/LOGODEFVERDE.png","width":865,"height":579,"caption":"ECOCAMPING RURAL SC"},"image":{"@id":"https:\/\/www.ecocampingrural.com\/#\/schema\/logo\/image\/"},"sameAs":["https:\/\/www.facebook.com\/campinglafueva","https:\/\/www.instagram.com\/ecocampingrural\/"]},{"@type":"Person","@id":"https:\/\/www.ecocampingrural.com\/#\/schema\/person\/672b4c97857d8a1fc3fc8a7af38f40c3","name":"ecocamping","image":{"@type":"ImageObject","inLanguage":"es","@id":"https:\/\/www.ecocampingrural.com\/#\/schema\/person\/image\/","url":"https:\/\/secure.gravatar.com\/avatar\/10dc49e0ad13fae4dcb4f35dca9fcdb9?s=96&d=mm&r=g","contentUrl":"https:\/\/secure.gravatar.com\/avatar\/10dc49e0ad13fae4dcb4f35dca9fcdb9?s=96&d=mm&r=g","caption":"ecocamping"},"sameAs":["http:\/\/www.ecocampingrural.com"]}]}},"_links":{"self":[{"href":"https:\/\/www.ecocampingrural.com\/index.php\/wp-json\/wp\/v2\/posts\/134","targetHints":{"allow":["GET"]}}],"collection":[{"href":"https:\/\/www.ecocampingrural.com\/index.php\/wp-json\/wp\/v2\/posts"}],"about":[{"href":"https:\/\/www.ecocampingrural.com\/index.php\/wp-json\/wp\/v2\/types\/post"}],"author":[{"embeddable":true,"href":"https:\/\/www.ecocampingrural.com\/index.php\/wp-json\/wp\/v2\/users\/1"}],"replies":[{"embeddable":true,"href":"https:\/\/www.ecocampingrural.com\/index.php\/wp-json\/wp\/v2\/comments?post=134"}],"version-history":[{"count":0,"href":"https:\/\/www.ecocampingrural.com\/index.php\/wp-json\/wp\/v2\/posts\/134\/revisions"}],"wp:featuredmedia":[{"embeddable":true,"href":"https:\/\/www.ecocampingrural.com\/index.php\/wp-json\/wp\/v2\/media\/135"}],"wp:attachment":[{"href":"https:\/\/www.ecocampingrural.com\/index.php\/wp-json\/wp\/v2\/media?parent=134"}],"wp:term":[{"taxonomy":"category","embeddable":true,"href":"https:\/\/www.ecocampingrural.com\/index.php\/wp-json\/wp\/v2\/categories?post=134"},{"taxonomy":"post_tag","embeddable":true,"href":"https:\/\/www.ecocampingrural.com\/index.php\/wp-json\/wp\/v2\/tags?post=134"}],"curies":[{"name":"wp","href":"https:\/\/api.w.org\/{rel}","templated":true}]}}