{"id":1495,"date":"2024-01-23T14:27:04","date_gmt":"2024-01-23T14:27:04","guid":{"rendered":"https:\/\/www.ecocampingrural.com\/?p=1495"},"modified":"2024-01-23T14:27:07","modified_gmt":"2024-01-23T14:27:07","slug":"la-ii-giant-trail-zona-zero-la-batalla-del-inframundo","status":"publish","type":"post","link":"https:\/\/www.ecocampingrural.com\/index.php\/2024\/01\/23\/la-ii-giant-trail-zona-zero-la-batalla-del-inframundo\/","title":{"rendered":"LA BATALLA DEL INFRAMUNDO"},"content":{"rendered":"\n<p>Ya est\u00e1 aqu\u00ed la segunda edici\u00f3n de la <strong>GIANT Trail \u00abLa Batalla del Inframundo\u00bb de <a href=\"https:\/\/zonazeropirineos.com\/\" target=\"_blank\" rel=\"noreferrer noopener\">Zona Zero Pirineos<\/a><\/strong>, una prueba no competitiva de car\u00e1cter <em>all-mountain<\/em> o <em>ultra-enduro<\/em> en la que prima, por encima de todo, el ambiente festivo y el reto personal. Una prueba destinada a aquellos que busquen vivir una aventura por lo m\u00e1s desconocido de <strong>Zona Zero<\/strong>.<\/p>\n\n\n\n<p>La prueba, que podr\u00e1 disputarse con bicicleta el\u00e9ctrica<em> &#8211; tambi\u00e9n llamada corcel vitaminado con bater\u00eda &#8211;<\/em>, constar\u00e1 de categor\u00edas para \u00abDamas\u00bb, \u00abCaballeros\u00bb, \u00abMixta\u00bb, y si, tambi\u00e9n para los que cabalguen en \u00abCorceles vitaminados con bater\u00eda\u00bb, con dos versiones, una corta y una larga, que desvelar\u00e1n m\u00e1s adelante.<\/p>\n\n\n\n<p>Ya adelantan que el porcentaje de sendero ser\u00e1 muy alto, por lo que la ruta ser\u00e1 dura, a la par que singular&#8230; Pero que esperabas&#8230; Lo cierto es que en pocos lugares como en el Valle de La Fueva pueden crearse circuitos de <strong>enduro-trail<\/strong> con un 75% de sendero excelente.<\/p>\n\n\n\n<p>Durante el recorrido, para el cual ya puedes <a href=\"https:\/\/aragonciclismo.com\/index.php\/smartweb\/inscripciones\/prueba\/28304-II-GIANT-TRAIL-ZONA-ZERO\" target=\"_blank\" rel=\"noreferrer noopener\">realizar tu inscripci\u00f3n <em>(haciendo clic aqu\u00ed ir\u00e1s a la web de Arag\u00f3n Ciclismo)<\/em><\/a>, encontrar\u00e1s fortalezas y senderos habitados por personajes provenientes del averno, con los que podr\u00e1s compartir aventuras, brasa y fiesta en los hist\u00f3ricos enclaves de nuestro valle.<\/p>\n\n\n<div class=\"wp-block-image\">\n<figure class=\"aligncenter size-full\"><img decoding=\"async\" width=\"1005\" height=\"592\" src=\"https:\/\/www.ecocampingrural.com\/wp-content\/uploads\/2024\/01\/GIANT-ZONA-ZERO-BATALLA-INFRAMUNDO.jpeg\" alt=\"batalla-inframundo-zona-zero\" class=\"wp-image-1497\" srcset=\"https:\/\/www.ecocampingrural.com\/wp-content\/uploads\/2024\/01\/GIANT-ZONA-ZERO-BATALLA-INFRAMUNDO.jpeg 1005w, https:\/\/www.ecocampingrural.com\/wp-content\/uploads\/2024\/01\/GIANT-ZONA-ZERO-BATALLA-INFRAMUNDO-300x177.jpeg 300w, https:\/\/www.ecocampingrural.com\/wp-content\/uploads\/2024\/01\/GIANT-ZONA-ZERO-BATALLA-INFRAMUNDO-768x452.jpeg 768w\" sizes=\"(max-width: 1005px) 100vw, 1005px\" \/><figcaption class=\"wp-element-caption\"><em>Imagen de la primera edici\u00f3n de La Batalla del Inframundo (www.mountainbike.es)<\/em><\/figcaption><\/figure><\/div>\n\n\n<p>Como decimos, y al igual que en la pasada edici\u00f3n, no faltar\u00e1 el ambiente medieval para esta gran gesta que se librar\u00e1 el 4 de mayo de este a\u00f1o (2024), en un territorio plagado, como es el nuestro, lleno de vestigios medievales. As\u00ed, que no esperes encontrarte una prueba cicloturista al uso: habr\u00e1 guerreros, personajes del inframundo, reyes y reinas y hasta el mism\u00edsimo Gonzalo I, Rey de Sobrarbe y Ribagorza, que como en la pasada edici\u00f3n, har\u00e1 entrega a los ganadores de la codiciada espada.\u00a0<\/p>\n\n\n\n<p>Todo esto acompa\u00f1ado de un gran ambiente festivo que recibir\u00e1 a los corredores el viernes a partir de las 17:30 horas y que finalizar\u00e1 el s\u00e1bado bien entrada la madrugada.<\/p>\n\n\n\n<h2 class=\"wp-block-heading has-medium-font-size\">INSCRIPCIONES II GIANT ZONA ZERO \u00abLA BATALLA DEL INFRAMUNDO\u00bb<\/h2>\n\n\n\n<p><strong>Precio:<\/strong><\/p>\n\n\n\n<ul class=\"wp-block-list\">\n<li>90 \u20ac <em>(Hasta el 28\/02)<\/em><\/li>\n\n\n\n<li>100\u20ac <em>(Hasta el 31\/03)<\/em><\/li>\n\n\n\n<li>120\u20ac <em>(Hasta el 31 de abril)<\/em><\/li>\n<\/ul>\n\n\n\n<p><strong>Incluye:<\/strong><\/p>\n\n\n\n<ul class=\"wp-block-list\">\n<li>Participaci\u00f3n en la carrera<\/li>\n\n\n\n<li>Picoteo medieval de bienvenida, el viernes<\/li>\n\n\n\n<li>Desayuno \u00abCaza Dragones\u00bb, el d\u00eda de la carrera<\/li>\n\n\n\n<li>Dos avituallamientos nunca antes vistos<\/li>\n\n\n\n<li>Cena y fiesta con DJ hasta que la armadura aguante<\/li>\n\n\n\n<li>Aforo limitado<\/li>\n<\/ul>\n\n\n\n<p><a href=\"https:\/\/aragonciclismo.com\/index.php\/smartweb\/inscripciones\/inscripcion\/28304-II-GIANT-TRAIL-ZONA-ZERO\" target=\"_blank\" rel=\"noreferrer noopener\">Inscripciones II Giant Trail \u00abLa Batalla del Inframundo\u00bb Zona Zero en la web de Arag\u00f3n Ciclismo<\/a><\/p>\n\n\n\n<h2 class=\"wp-block-heading has-medium-font-size\">Alojamiento en La Fueva para la Batalla del Inframundo<\/h2>\n\n\n\n<p>Tanto si viajas en tu furgo, Caravana, Autocaravana o con tienda, como si quieres alojarte en una <a href=\"http:\/\/www.casalueza.com\" target=\"_blank\" rel=\"noreferrer noopener\">Casa de Turismo Rural<\/a>, desde Ecocamping Rural Valle de La Fueva te ofrecemos tanto una opci\u00f3n como la otra.<\/p>\n\n\n\n<p class=\"has-text-align-center\"><a href=\"https:\/\/www.reservaonline.support\/ecocampingrural\/reservas.html\" target=\"_blank\" rel=\"noreferrer noopener\">Reserva parcela Camping<\/a>  <strong>|<\/strong>  <a href=\"https:\/\/www.ecocampingrural.com\/index.php\/casa-turismo-rural-apartamentos\/\" target=\"_blank\" rel=\"noreferrer noopener\">Reserva Casa de Turismo Rural<\/a><\/p>\n\n\n\n<figure class=\"wp-block-image size-full\"><img decoding=\"async\" width=\"678\" height=\"811\" src=\"https:\/\/www.ecocampingrural.com\/wp-content\/uploads\/2022\/10\/vanlife-camper-camping.jpeg\" alt=\"camping-turismo-rural-btt\" class=\"wp-image-1085\" srcset=\"https:\/\/www.ecocampingrural.com\/wp-content\/uploads\/2022\/10\/vanlife-camper-camping.jpeg 678w, https:\/\/www.ecocampingrural.com\/wp-content\/uploads\/2022\/10\/vanlife-camper-camping-251x300.jpeg 251w\" sizes=\"(max-width: 678px) 100vw, 678px\" \/><figcaption class=\"wp-element-caption\">Vanlife Camping<\/figcaption><\/figure>\n","protected":false},"excerpt":{"rendered":"<p>Ya est\u00e1 aqu\u00ed la segunda edici\u00f3n de la GIANT Trail \u00abLa Batalla del Inframundo\u00bb de Zona Zero Pirineos, una prueba no competitiva de car\u00e1cter all-mountain o ultra-enduro en la que prima, por encima de todo, el ambiente festivo y el reto personal. Una prueba destinada a aquellos que busquen vivir una aventura por lo m\u00e1s&hellip;&nbsp;<a href=\"https:\/\/www.ecocampingrural.com\/index.php\/2024\/01\/23\/la-ii-giant-trail-zona-zero-la-batalla-del-inframundo\/\" rel=\"bookmark\">Leer m\u00e1s &raquo;<span class=\"screen-reader-text\">LA BATALLA DEL INFRAMUNDO<\/span><\/a><\/p>\n","protected":false},"author":1,"featured_media":1498,"comment_status":"open","ping_status":"open","sticky":false,"template":"","format":"standard","meta":{"_uf_show_specific_survey":0,"_uf_disable_surveys":false,"neve_meta_sidebar":"","neve_meta_container":"","neve_meta_enable_content_width":"","neve_meta_content_width":0,"neve_meta_title_alignment":"","neve_meta_author_avatar":"","neve_post_elements_order":"[\"content\",\"tags\"]","neve_meta_disable_header":"","neve_meta_disable_footer":"","neve_meta_disable_title":"","_themeisle_gutenberg_block_has_review":false,"footnotes":""},"categories":[6],"tags":[139,7,175,174,173],"class_list":["post-1495","post","type-post","status-publish","format-standard","has-post-thumbnail","hentry","category-noticias","tag-btt","tag-camping","tag-giant","tag-la-batalla-del-inframundo","tag-zona-zero"],"yoast_head":"<!-- This site is optimized with the Yoast SEO plugin v25.6 - https:\/\/yoast.com\/wordpress\/plugins\/seo\/ -->\n<title>LA BATALLA DEL INFRAMUNDO - Ecocamping Rural<\/title>\n<meta name=\"description\" content=\"LA II GIANT TRAIL ZONA ZERO &quot;LA BATALLA DEL INFRAMUNDO&quot; EN LA FUEVA \u00a1INSCR\u00cdBETE YA Y AL\u00d3JATE CON NOSOTROS!\" \/>\n<meta name=\"robots\" content=\"index, follow, max-snippet:-1, max-image-preview:large, max-video-preview:-1\" \/>\n<link rel=\"canonical\" href=\"https:\/\/www.ecocampingrural.com\/index.php\/2024\/01\/23\/la-ii-giant-trail-zona-zero-la-batalla-del-inframundo\/\" \/>\n<meta property=\"og:locale\" content=\"es_ES\" \/>\n<meta property=\"og:type\" content=\"article\" \/>\n<meta property=\"og:title\" content=\"LA BATALLA DEL INFRAMUNDO - Ecocamping Rural\" \/>\n<meta property=\"og:description\" content=\"LA II GIANT TRAIL ZONA ZERO &quot;LA BATALLA DEL INFRAMUNDO&quot; EN LA FUEVA \u00a1INSCR\u00cdBETE YA Y AL\u00d3JATE CON NOSOTROS!\" \/>\n<meta property=\"og:url\" content=\"https:\/\/www.ecocampingrural.com\/index.php\/2024\/01\/23\/la-ii-giant-trail-zona-zero-la-batalla-del-inframundo\/\" \/>\n<meta property=\"og:site_name\" content=\"Ecocamping Rural\" \/>\n<meta property=\"article:publisher\" content=\"https:\/\/www.facebook.com\/campinglafueva\" \/>\n<meta property=\"article:published_time\" content=\"2024-01-23T14:27:04+00:00\" \/>\n<meta property=\"article:modified_time\" content=\"2024-01-23T14:27:07+00:00\" \/>\n<meta property=\"og:image\" content=\"https:\/\/www.ecocampingrural.com\/wp-content\/uploads\/2024\/01\/Captura-web_23-1-2024_152255_bguara.com_.jpeg\" \/>\n\t<meta property=\"og:image:width\" content=\"792\" \/>\n\t<meta property=\"og:image:height\" content=\"542\" \/>\n\t<meta property=\"og:image:type\" content=\"image\/jpeg\" \/>\n<meta name=\"author\" content=\"ecocamping\" \/>\n<meta name=\"twitter:card\" content=\"summary_large_image\" \/>\n<meta name=\"twitter:label1\" content=\"Escrito por\" \/>\n\t<meta name=\"twitter:data1\" content=\"ecocamping\" \/>\n\t<meta name=\"twitter:label2\" content=\"Tiempo de lectura\" \/>\n\t<meta name=\"twitter:data2\" content=\"2 minutos\" \/>\n<script type=\"application\/ld+json\" class=\"yoast-schema-graph\">{\"@context\":\"https:\/\/schema.org\",\"@graph\":[{\"@type\":\"Article\",\"@id\":\"https:\/\/www.ecocampingrural.com\/index.php\/2024\/01\/23\/la-ii-giant-trail-zona-zero-la-batalla-del-inframundo\/#article\",\"isPartOf\":{\"@id\":\"https:\/\/www.ecocampingrural.com\/index.php\/2024\/01\/23\/la-ii-giant-trail-zona-zero-la-batalla-del-inframundo\/\"},\"author\":{\"name\":\"ecocamping\",\"@id\":\"https:\/\/www.ecocampingrural.com\/#\/schema\/person\/672b4c97857d8a1fc3fc8a7af38f40c3\"},\"headline\":\"LA BATALLA DEL INFRAMUNDO\",\"datePublished\":\"2024-01-23T14:27:04+00:00\",\"dateModified\":\"2024-01-23T14:27:07+00:00\",\"mainEntityOfPage\":{\"@id\":\"https:\/\/www.ecocampingrural.com\/index.php\/2024\/01\/23\/la-ii-giant-trail-zona-zero-la-batalla-del-inframundo\/\"},\"wordCount\":485,\"commentCount\":0,\"publisher\":{\"@id\":\"https:\/\/www.ecocampingrural.com\/#organization\"},\"image\":{\"@id\":\"https:\/\/www.ecocampingrural.com\/index.php\/2024\/01\/23\/la-ii-giant-trail-zona-zero-la-batalla-del-inframundo\/#primaryimage\"},\"thumbnailUrl\":\"https:\/\/www.ecocampingrural.com\/wp-content\/uploads\/2024\/01\/Captura-web_23-1-2024_152255_bguara.com_.jpeg\",\"keywords\":[\"btt\",\"Camping\",\"giant\",\"la batalla del inframundo\",\"zona zero\"],\"articleSection\":[\"Noticias\"],\"inLanguage\":\"es\",\"potentialAction\":[{\"@type\":\"CommentAction\",\"name\":\"Comment\",\"target\":[\"https:\/\/www.ecocampingrural.com\/index.php\/2024\/01\/23\/la-ii-giant-trail-zona-zero-la-batalla-del-inframundo\/#respond\"]}]},{\"@type\":\"WebPage\",\"@id\":\"https:\/\/www.ecocampingrural.com\/index.php\/2024\/01\/23\/la-ii-giant-trail-zona-zero-la-batalla-del-inframundo\/\",\"url\":\"https:\/\/www.ecocampingrural.com\/index.php\/2024\/01\/23\/la-ii-giant-trail-zona-zero-la-batalla-del-inframundo\/\",\"name\":\"LA BATALLA DEL INFRAMUNDO - Ecocamping Rural\",\"isPartOf\":{\"@id\":\"https:\/\/www.ecocampingrural.com\/#website\"},\"primaryImageOfPage\":{\"@id\":\"https:\/\/www.ecocampingrural.com\/index.php\/2024\/01\/23\/la-ii-giant-trail-zona-zero-la-batalla-del-inframundo\/#primaryimage\"},\"image\":{\"@id\":\"https:\/\/www.ecocampingrural.com\/index.php\/2024\/01\/23\/la-ii-giant-trail-zona-zero-la-batalla-del-inframundo\/#primaryimage\"},\"thumbnailUrl\":\"https:\/\/www.ecocampingrural.com\/wp-content\/uploads\/2024\/01\/Captura-web_23-1-2024_152255_bguara.com_.jpeg\",\"datePublished\":\"2024-01-23T14:27:04+00:00\",\"dateModified\":\"2024-01-23T14:27:07+00:00\",\"description\":\"LA II GIANT TRAIL ZONA ZERO \\\"LA BATALLA DEL INFRAMUNDO\\\" EN LA FUEVA \u00a1INSCR\u00cdBETE YA Y AL\u00d3JATE CON NOSOTROS!\",\"breadcrumb\":{\"@id\":\"https:\/\/www.ecocampingrural.com\/index.php\/2024\/01\/23\/la-ii-giant-trail-zona-zero-la-batalla-del-inframundo\/#breadcrumb\"},\"inLanguage\":\"es\",\"potentialAction\":[{\"@type\":\"ReadAction\",\"target\":[\"https:\/\/www.ecocampingrural.com\/index.php\/2024\/01\/23\/la-ii-giant-trail-zona-zero-la-batalla-del-inframundo\/\"]}]},{\"@type\":\"ImageObject\",\"inLanguage\":\"es\",\"@id\":\"https:\/\/www.ecocampingrural.com\/index.php\/2024\/01\/23\/la-ii-giant-trail-zona-zero-la-batalla-del-inframundo\/#primaryimage\",\"url\":\"https:\/\/www.ecocampingrural.com\/wp-content\/uploads\/2024\/01\/Captura-web_23-1-2024_152255_bguara.com_.jpeg\",\"contentUrl\":\"https:\/\/www.ecocampingrural.com\/wp-content\/uploads\/2024\/01\/Captura-web_23-1-2024_152255_bguara.com_.jpeg\",\"width\":792,\"height\":542,\"caption\":\"zona-zero-giant-la-fueva\"},{\"@type\":\"BreadcrumbList\",\"@id\":\"https:\/\/www.ecocampingrural.com\/index.php\/2024\/01\/23\/la-ii-giant-trail-zona-zero-la-batalla-del-inframundo\/#breadcrumb\",\"itemListElement\":[{\"@type\":\"ListItem\",\"position\":1,\"name\":\"Portada\",\"item\":\"https:\/\/www.ecocampingrural.com\/\"},{\"@type\":\"ListItem\",\"position\":2,\"name\":\"LA BATALLA DEL INFRAMUNDO\"}]},{\"@type\":\"WebSite\",\"@id\":\"https:\/\/www.ecocampingrural.com\/#website\",\"url\":\"https:\/\/www.ecocampingrural.com\/\",\"name\":\"Ecocamping Rural Valle de La Fueva\",\"description\":\"Valle de La Fueva\",\"publisher\":{\"@id\":\"https:\/\/www.ecocampingrural.com\/#organization\"},\"potentialAction\":[{\"@type\":\"SearchAction\",\"target\":{\"@type\":\"EntryPoint\",\"urlTemplate\":\"https:\/\/www.ecocampingrural.com\/?s={search_term_string}\"},\"query-input\":{\"@type\":\"PropertyValueSpecification\",\"valueRequired\":true,\"valueName\":\"search_term_string\"}}],\"inLanguage\":\"es\"},{\"@type\":\"Organization\",\"@id\":\"https:\/\/www.ecocampingrural.com\/#organization\",\"name\":\"ECOCAMPING RURAL SC\",\"url\":\"https:\/\/www.ecocampingrural.com\/\",\"logo\":{\"@type\":\"ImageObject\",\"inLanguage\":\"es\",\"@id\":\"https:\/\/www.ecocampingrural.com\/#\/schema\/logo\/image\/\",\"url\":\"https:\/\/www.ecocampingrural.com\/wp-content\/uploads\/2021\/02\/LOGODEFVERDE.png\",\"contentUrl\":\"https:\/\/www.ecocampingrural.com\/wp-content\/uploads\/2021\/02\/LOGODEFVERDE.png\",\"width\":865,\"height\":579,\"caption\":\"ECOCAMPING RURAL SC\"},\"image\":{\"@id\":\"https:\/\/www.ecocampingrural.com\/#\/schema\/logo\/image\/\"},\"sameAs\":[\"https:\/\/www.facebook.com\/campinglafueva\",\"https:\/\/www.instagram.com\/ecocampingrural\/\"]},{\"@type\":\"Person\",\"@id\":\"https:\/\/www.ecocampingrural.com\/#\/schema\/person\/672b4c97857d8a1fc3fc8a7af38f40c3\",\"name\":\"ecocamping\",\"image\":{\"@type\":\"ImageObject\",\"inLanguage\":\"es\",\"@id\":\"https:\/\/www.ecocampingrural.com\/#\/schema\/person\/image\/\",\"url\":\"https:\/\/secure.gravatar.com\/avatar\/10dc49e0ad13fae4dcb4f35dca9fcdb9?s=96&d=mm&r=g\",\"contentUrl\":\"https:\/\/secure.gravatar.com\/avatar\/10dc49e0ad13fae4dcb4f35dca9fcdb9?s=96&d=mm&r=g\",\"caption\":\"ecocamping\"},\"sameAs\":[\"http:\/\/www.ecocampingrural.com\"]}]}<\/script>\n<!-- \/ Yoast SEO plugin. -->","yoast_head_json":{"title":"LA BATALLA DEL INFRAMUNDO - Ecocamping Rural","description":"LA II GIANT TRAIL ZONA ZERO \"LA BATALLA DEL INFRAMUNDO\" EN LA FUEVA \u00a1INSCR\u00cdBETE YA Y AL\u00d3JATE CON NOSOTROS!","robots":{"index":"index","follow":"follow","max-snippet":"max-snippet:-1","max-image-preview":"max-image-preview:large","max-video-preview":"max-video-preview:-1"},"canonical":"https:\/\/www.ecocampingrural.com\/index.php\/2024\/01\/23\/la-ii-giant-trail-zona-zero-la-batalla-del-inframundo\/","og_locale":"es_ES","og_type":"article","og_title":"LA BATALLA DEL INFRAMUNDO - Ecocamping Rural","og_description":"LA II GIANT TRAIL ZONA ZERO \"LA BATALLA DEL INFRAMUNDO\" EN LA FUEVA \u00a1INSCR\u00cdBETE YA Y AL\u00d3JATE CON NOSOTROS!","og_url":"https:\/\/www.ecocampingrural.com\/index.php\/2024\/01\/23\/la-ii-giant-trail-zona-zero-la-batalla-del-inframundo\/","og_site_name":"Ecocamping Rural","article_publisher":"https:\/\/www.facebook.com\/campinglafueva","article_published_time":"2024-01-23T14:27:04+00:00","article_modified_time":"2024-01-23T14:27:07+00:00","og_image":[{"width":792,"height":542,"url":"https:\/\/www.ecocampingrural.com\/wp-content\/uploads\/2024\/01\/Captura-web_23-1-2024_152255_bguara.com_.jpeg","type":"image\/jpeg"}],"author":"ecocamping","twitter_card":"summary_large_image","twitter_misc":{"Escrito por":"ecocamping","Tiempo de lectura":"2 minutos"},"schema":{"@context":"https:\/\/schema.org","@graph":[{"@type":"Article","@id":"https:\/\/www.ecocampingrural.com\/index.php\/2024\/01\/23\/la-ii-giant-trail-zona-zero-la-batalla-del-inframundo\/#article","isPartOf":{"@id":"https:\/\/www.ecocampingrural.com\/index.php\/2024\/01\/23\/la-ii-giant-trail-zona-zero-la-batalla-del-inframundo\/"},"author":{"name":"ecocamping","@id":"https:\/\/www.ecocampingrural.com\/#\/schema\/person\/672b4c97857d8a1fc3fc8a7af38f40c3"},"headline":"LA BATALLA DEL INFRAMUNDO","datePublished":"2024-01-23T14:27:04+00:00","dateModified":"2024-01-23T14:27:07+00:00","mainEntityOfPage":{"@id":"https:\/\/www.ecocampingrural.com\/index.php\/2024\/01\/23\/la-ii-giant-trail-zona-zero-la-batalla-del-inframundo\/"},"wordCount":485,"commentCount":0,"publisher":{"@id":"https:\/\/www.ecocampingrural.com\/#organization"},"image":{"@id":"https:\/\/www.ecocampingrural.com\/index.php\/2024\/01\/23\/la-ii-giant-trail-zona-zero-la-batalla-del-inframundo\/#primaryimage"},"thumbnailUrl":"https:\/\/www.ecocampingrural.com\/wp-content\/uploads\/2024\/01\/Captura-web_23-1-2024_152255_bguara.com_.jpeg","keywords":["btt","Camping","giant","la batalla del inframundo","zona zero"],"articleSection":["Noticias"],"inLanguage":"es","potentialAction":[{"@type":"CommentAction","name":"Comment","target":["https:\/\/www.ecocampingrural.com\/index.php\/2024\/01\/23\/la-ii-giant-trail-zona-zero-la-batalla-del-inframundo\/#respond"]}]},{"@type":"WebPage","@id":"https:\/\/www.ecocampingrural.com\/index.php\/2024\/01\/23\/la-ii-giant-trail-zona-zero-la-batalla-del-inframundo\/","url":"https:\/\/www.ecocampingrural.com\/index.php\/2024\/01\/23\/la-ii-giant-trail-zona-zero-la-batalla-del-inframundo\/","name":"LA BATALLA DEL INFRAMUNDO - Ecocamping Rural","isPartOf":{"@id":"https:\/\/www.ecocampingrural.com\/#website"},"primaryImageOfPage":{"@id":"https:\/\/www.ecocampingrural.com\/index.php\/2024\/01\/23\/la-ii-giant-trail-zona-zero-la-batalla-del-inframundo\/#primaryimage"},"image":{"@id":"https:\/\/www.ecocampingrural.com\/index.php\/2024\/01\/23\/la-ii-giant-trail-zona-zero-la-batalla-del-inframundo\/#primaryimage"},"thumbnailUrl":"https:\/\/www.ecocampingrural.com\/wp-content\/uploads\/2024\/01\/Captura-web_23-1-2024_152255_bguara.com_.jpeg","datePublished":"2024-01-23T14:27:04+00:00","dateModified":"2024-01-23T14:27:07+00:00","description":"LA II GIANT TRAIL ZONA ZERO \"LA BATALLA DEL INFRAMUNDO\" EN LA FUEVA \u00a1INSCR\u00cdBETE YA Y AL\u00d3JATE CON NOSOTROS!","breadcrumb":{"@id":"https:\/\/www.ecocampingrural.com\/index.php\/2024\/01\/23\/la-ii-giant-trail-zona-zero-la-batalla-del-inframundo\/#breadcrumb"},"inLanguage":"es","potentialAction":[{"@type":"ReadAction","target":["https:\/\/www.ecocampingrural.com\/index.php\/2024\/01\/23\/la-ii-giant-trail-zona-zero-la-batalla-del-inframundo\/"]}]},{"@type":"ImageObject","inLanguage":"es","@id":"https:\/\/www.ecocampingrural.com\/index.php\/2024\/01\/23\/la-ii-giant-trail-zona-zero-la-batalla-del-inframundo\/#primaryimage","url":"https:\/\/www.ecocampingrural.com\/wp-content\/uploads\/2024\/01\/Captura-web_23-1-2024_152255_bguara.com_.jpeg","contentUrl":"https:\/\/www.ecocampingrural.com\/wp-content\/uploads\/2024\/01\/Captura-web_23-1-2024_152255_bguara.com_.jpeg","width":792,"height":542,"caption":"zona-zero-giant-la-fueva"},{"@type":"BreadcrumbList","@id":"https:\/\/www.ecocampingrural.com\/index.php\/2024\/01\/23\/la-ii-giant-trail-zona-zero-la-batalla-del-inframundo\/#breadcrumb","itemListElement":[{"@type":"ListItem","position":1,"name":"Portada","item":"https:\/\/www.ecocampingrural.com\/"},{"@type":"ListItem","position":2,"name":"LA BATALLA DEL INFRAMUNDO"}]},{"@type":"WebSite","@id":"https:\/\/www.ecocampingrural.com\/#website","url":"https:\/\/www.ecocampingrural.com\/","name":"Ecocamping Rural Valle de La Fueva","description":"Valle de La Fueva","publisher":{"@id":"https:\/\/www.ecocampingrural.com\/#organization"},"potentialAction":[{"@type":"SearchAction","target":{"@type":"EntryPoint","urlTemplate":"https:\/\/www.ecocampingrural.com\/?s={search_term_string}"},"query-input":{"@type":"PropertyValueSpecification","valueRequired":true,"valueName":"search_term_string"}}],"inLanguage":"es"},{"@type":"Organization","@id":"https:\/\/www.ecocampingrural.com\/#organization","name":"ECOCAMPING RURAL SC","url":"https:\/\/www.ecocampingrural.com\/","logo":{"@type":"ImageObject","inLanguage":"es","@id":"https:\/\/www.ecocampingrural.com\/#\/schema\/logo\/image\/","url":"https:\/\/www.ecocampingrural.com\/wp-content\/uploads\/2021\/02\/LOGODEFVERDE.png","contentUrl":"https:\/\/www.ecocampingrural.com\/wp-content\/uploads\/2021\/02\/LOGODEFVERDE.png","width":865,"height":579,"caption":"ECOCAMPING RURAL SC"},"image":{"@id":"https:\/\/www.ecocampingrural.com\/#\/schema\/logo\/image\/"},"sameAs":["https:\/\/www.facebook.com\/campinglafueva","https:\/\/www.instagram.com\/ecocampingrural\/"]},{"@type":"Person","@id":"https:\/\/www.ecocampingrural.com\/#\/schema\/person\/672b4c97857d8a1fc3fc8a7af38f40c3","name":"ecocamping","image":{"@type":"ImageObject","inLanguage":"es","@id":"https:\/\/www.ecocampingrural.com\/#\/schema\/person\/image\/","url":"https:\/\/secure.gravatar.com\/avatar\/10dc49e0ad13fae4dcb4f35dca9fcdb9?s=96&d=mm&r=g","contentUrl":"https:\/\/secure.gravatar.com\/avatar\/10dc49e0ad13fae4dcb4f35dca9fcdb9?s=96&d=mm&r=g","caption":"ecocamping"},"sameAs":["http:\/\/www.ecocampingrural.com"]}]}},"_links":{"self":[{"href":"https:\/\/www.ecocampingrural.com\/index.php\/wp-json\/wp\/v2\/posts\/1495","targetHints":{"allow":["GET"]}}],"collection":[{"href":"https:\/\/www.ecocampingrural.com\/index.php\/wp-json\/wp\/v2\/posts"}],"about":[{"href":"https:\/\/www.ecocampingrural.com\/index.php\/wp-json\/wp\/v2\/types\/post"}],"author":[{"embeddable":true,"href":"https:\/\/www.ecocampingrural.com\/index.php\/wp-json\/wp\/v2\/users\/1"}],"replies":[{"embeddable":true,"href":"https:\/\/www.ecocampingrural.com\/index.php\/wp-json\/wp\/v2\/comments?post=1495"}],"version-history":[{"count":0,"href":"https:\/\/www.ecocampingrural.com\/index.php\/wp-json\/wp\/v2\/posts\/1495\/revisions"}],"wp:featuredmedia":[{"embeddable":true,"href":"https:\/\/www.ecocampingrural.com\/index.php\/wp-json\/wp\/v2\/media\/1498"}],"wp:attachment":[{"href":"https:\/\/www.ecocampingrural.com\/index.php\/wp-json\/wp\/v2\/media?parent=1495"}],"wp:term":[{"taxonomy":"category","embeddable":true,"href":"https:\/\/www.ecocampingrural.com\/index.php\/wp-json\/wp\/v2\/categories?post=1495"},{"taxonomy":"post_tag","embeddable":true,"href":"https:\/\/www.ecocampingrural.com\/index.php\/wp-json\/wp\/v2\/tags?post=1495"}],"curies":[{"name":"wp","href":"https:\/\/api.w.org\/{rel}","templated":true}]}}