{"id":1682,"date":"2024-05-25T11:15:07","date_gmt":"2024-05-25T11:15:07","guid":{"rendered":"https:\/\/www.ecocampingrural.com\/?p=1682"},"modified":"2024-05-25T11:15:09","modified_gmt":"2024-05-25T11:15:09","slug":"san-juan-sin-petardos-2024","status":"publish","type":"post","link":"https:\/\/www.ecocampingrural.com\/index.php\/2024\/05\/25\/san-juan-sin-petardos-2024\/","title":{"rendered":"San Juan sin petardos 2024"},"content":{"rendered":"\n<h2 class=\"wp-block-heading has-medium-font-size\">Camping para celebrar la noche de San Juan 2024 sin petardos ni fuegos artificiales<\/h2>\n\n\n\n<p>\u00a1Y con esta van tres! Si estas buscando un <strong>Camping<\/strong> para celebrar la <strong>Noche de San Juan sin Petardos<\/strong>&#8230; has llegado al lugar indicado. La experiencia de los dos \u00faltimos a\u00f1os nos lleva a volver a querer organizar esta particular velada en Ecocamping Rural Valle de La Fueva. <\/p>\n\n\n\n<p>Sabemos que muchas de vuestras mascotas lo pasan realmente mal con los petardos y los fuegos artificiales. Por ello creemos que nuestro <strong><a href=\"https:\/\/www.ecocampingrural.com\/index.php\/instalaciones-sanitarios-barbacoa-piscina\/\" target=\"_blank\" rel=\"noreferrer noopener\">camping<\/a><\/strong>, rodeado de naturaleza, es ideal para que puedan correr, saltar y reencontrarse con sus or\u00edgenes. Un lugar perfecto para disfrutar del silencio de un valle como el de <a href=\"http:\/\/www.lafueva.com\" target=\"_blank\" rel=\"noreferrer noopener\">La Fueva<\/a>, especialmente una noche como esta. <\/p>\n\n\n\n<p>Probablemente, si estas leyendo esto, es porque estas buscando un lugar al que poder escaparte o, simplemente, celebrar la Noche de San Juan, sin miedo a que tu peludo amigo lo pase mal.<\/p>\n\n\n<div class=\"wp-block-image\">\n<figure class=\"aligncenter size-full\"><img decoding=\"async\" width=\"846\" height=\"477\" src=\"https:\/\/www.ecocampingrural.com\/wp-content\/uploads\/2023\/04\/verbena-san-juan-camping.jpeg\" alt=\"verbena-noche-san-juan\" class=\"wp-image-1270\" srcset=\"https:\/\/www.ecocampingrural.com\/wp-content\/uploads\/2023\/04\/verbena-san-juan-camping.jpeg 846w, https:\/\/www.ecocampingrural.com\/wp-content\/uploads\/2023\/04\/verbena-san-juan-camping-300x169.jpeg 300w, https:\/\/www.ecocampingrural.com\/wp-content\/uploads\/2023\/04\/verbena-san-juan-camping-768x433.jpeg 768w\" sizes=\"(max-width: 846px) 100vw, 846px\" \/><figcaption class=\"wp-element-caption\">Magic Night with music<\/figcaption><\/figure><\/div>\n\n\n<blockquote class=\"wp-block-quote is-style-default is-layout-flow wp-block-quote-is-layout-flow\">\n<p><em><strong>\u00a1Atenci\u00f3n!<\/strong> Durante la noche de San Juan estar\u00e1 prohibido tirar petardos y cohetes, tanto en nuestro camping como en los alrededores del mismo.<\/em><\/p>\n<cite>L<span class=\"highlight\">a direcci\u00f3n<\/span><\/cite><\/blockquote>\n\n\n\n<h2 class=\"wp-block-heading has-medium-font-size\">\u00bfCelebrar San Juan sin petardos?<\/h2>\n\n\n\n<p>Estamos preparando nuestra tercera Noche de San Juan. Indudablemente y con la experiencia positiva de las ediciones anteriores, queremos que volv\u00e1is a disfrutar del atardecer en nuestra terraza, con <strong>m\u00fasica en directo<\/strong>,  y de una sencilla <strong>cena <\/strong>elaborada con <strong>productos de proximidad<\/strong>, acompa\u00f1ada de una botella de vino del Somontano y una peque\u00f1a \u00ab<strong>hoguera<\/strong>\u00bb para quemar buenos deseos e intenciones.<\/p>\n\n\n\n<hr class=\"wp-block-separator has-alpha-channel-opacity\"\/>\n\n\n\n<p class=\"has-text-align-center\"><strong>MEN\u00da NOCHE DE SAN JUAN<\/strong><br><sub><sup>(PARA DOS PERSONAS)<\/sup><\/sub><\/p>\n\n\n\n<p class=\"has-text-align-center\">Vasito de Gazpacho con AOVE Somontano x2<br>Tabla con Cu\u00f1a de Queso y Pat\u00e9* de Sobrarbe<br>Cazuelita de Longaniza* de Graus al Horno<br>Vasito de Helado x2<br>Una Botella de Vino D.O. Somontano<br><em><sup>(Tinto, Blanco o Rosado)<\/sup><\/em><\/p>\n\n\n\n<p class=\"has-text-align-center\"><strong>50 \u20ac<\/strong><br><em><sup>I.V.A. INCLUIDO<\/sup><\/em><\/p>\n\n\n\n<p class=\"has-text-align-center\"><em>*) Opci\u00f3n vegetariana con Pat\u00e9 Vegetal y Nuggets Veganos<\/em><\/p>\n\n\n\n<p class=\"has-text-align-center\">Imprescindible reserva previa<br><sup>(L\u00edmite de reservas \u2013 mi\u00e9rcoles 19\/06)<\/sup><\/p>\n\n\n\n<hr class=\"wp-block-separator has-alpha-channel-opacity\"\/>\n\n\n\n<p><br>Todo ello sin olvidar que tambi\u00e9n queremos ser embajadores de la tranquilidad y evitar a toda costa ruidos que generen estr\u00e9s tanto a animales como a personas, por lo que tambi\u00e9n os indicamos que <strong>la pirotecnia estar\u00e1 completamente prohibida<\/strong> tanto en el camping como en los alrededores del mismo.<\/p>\n\n\n\n<figure class=\"wp-block-image size-large\"><img decoding=\"async\" width=\"1024\" height=\"768\" src=\"https:\/\/www.ecocampingrural.com\/wp-content\/uploads\/2024\/05\/san-juan-sin-petardos-camping-1024x768.jpg\" alt=\"\" class=\"wp-image-1683\" srcset=\"https:\/\/www.ecocampingrural.com\/wp-content\/uploads\/2024\/05\/san-juan-sin-petardos-camping-1024x768.jpg 1024w, https:\/\/www.ecocampingrural.com\/wp-content\/uploads\/2024\/05\/san-juan-sin-petardos-camping-300x225.jpg 300w, https:\/\/www.ecocampingrural.com\/wp-content\/uploads\/2024\/05\/san-juan-sin-petardos-camping-768x576.jpg 768w, https:\/\/www.ecocampingrural.com\/wp-content\/uploads\/2024\/05\/san-juan-sin-petardos-camping-1536x1152.jpg 1536w, https:\/\/www.ecocampingrural.com\/wp-content\/uploads\/2024\/05\/san-juan-sin-petardos-camping-2048x1536.jpg 2048w\" sizes=\"(max-width: 1024px) 100vw, 1024px\" \/><figcaption class=\"wp-element-caption\">Magic Night with music and fire<\/figcaption><\/figure>\n\n\n\n<p>Creemos que no permitir este tipo de elementos no esta re\u00f1ido con poder celebrar esta m\u00e1gica noche. Desde<strong> Ecocamping Rural Valle de La Fueva<\/strong> te proponemos celebrar la noche de San Juan sin petardos&#8230; una tarde de m\u00fasica en directo disfrutando del atardecer. No ser\u00e1 una verbena al uso, pero el cantautor montisonense Luis sonando de fondo, nos permitir\u00e1 disfrutar de las espectaculares vistas que el final del d\u00eda nos ofrece. La hoguera, como ves en las fotos, tampoco es la t\u00edpica, pero nos permitir\u00e1 recrear una vez m\u00e1s, esta tradici\u00f3n pagana.<br>Por cierto, <a href=\"https:\/\/historia.nationalgeographic.com.es\/a\/origen-hogueras-san-juan_16845\" target=\"_blank\" rel=\"noreferrer noopener\">\u00bfconoces el origen y el porqu\u00e9 de esta fiesta?<\/a><\/p>\n\n\n\n<div class=\"wp-block-cover alignfull has-custom-content-position is-position-top-left\" style=\"margin-top:0;padding-top:5vw;padding-right:5vw;padding-bottom:5vw;padding-left:5vw;min-height:50vh;aspect-ratio:unset;\"><span aria-hidden=\"true\" class=\"wp-block-cover__background has-background-dim-90 has-background-dim\" style=\"background-color:#141414\"><\/span><img decoding=\"async\" width=\"2560\" height=\"1920\" class=\"wp-block-cover__image-background wp-image-1398\" alt=\"atardecer camping pirineo\" src=\"https:\/\/www.ecocampingrural.com\/wp-content\/uploads\/2023\/09\/atardecer-ecocamping-scaled.jpg\" style=\"object-position:60% 100%\" data-object-fit=\"cover\" data-object-position=\"60% 100%\" srcset=\"https:\/\/www.ecocampingrural.com\/wp-content\/uploads\/2023\/09\/atardecer-ecocamping-scaled.jpg 2560w, https:\/\/www.ecocampingrural.com\/wp-content\/uploads\/2023\/09\/atardecer-ecocamping-300x225.jpg 300w, https:\/\/www.ecocampingrural.com\/wp-content\/uploads\/2023\/09\/atardecer-ecocamping-1024x768.jpg 1024w, https:\/\/www.ecocampingrural.com\/wp-content\/uploads\/2023\/09\/atardecer-ecocamping-768x576.jpg 768w, https:\/\/www.ecocampingrural.com\/wp-content\/uploads\/2023\/09\/atardecer-ecocamping-1536x1152.jpg 1536w, https:\/\/www.ecocampingrural.com\/wp-content\/uploads\/2023\/09\/atardecer-ecocamping-2048x1536.jpg 2048w\" sizes=\"(max-width: 2560px) 100vw, 2560px\" \/><div class=\"wp-block-cover__inner-container is-layout-flow wp-block-cover-is-layout-flow\">\n<div class=\"wp-block-group wp-container-content-1 is-vertical is-nowrap is-layout-flex wp-container-core-group-is-layout-1 wp-block-group-is-layout-flex\">\n<p class=\"has-text-align-center has-text-color has-source-serif-pro-font-family\" style=\"color:#d8a557;font-size:25px;font-style:italic;font-weight:100;letter-spacing:-1px;line-height:0.8;text-transform:none\"><strong>Informaci\u00f3n Importante:<br><\/strong><br>Vuestro bienestar en nuestro camping es nuestra prioridad.<br><br>Es por ello que, dadas las consultas recibidas, y la experiencia de los <br><br>a\u00f1os anteriores, queremos advertir que&#8230;<br><br><strong><span style=\"text-decoration: underline;\">nuestros \u00e1rboles son peque\u00f1os<\/span><\/strong> y que, por  consiguiente,<br><br><strong><span style=\"text-decoration: underline;\">no tenemos parcelas con sombra<\/span><\/strong>. <br><br>Tenedlo en cuenta a la hora de reservar. \u00a1Gracias!<\/p>\n<\/div>\n<\/div><\/div>\n\n\n\n<h4 class=\"wp-block-heading has-medium-font-size\"> <strong>\u00bfTe apuntas a una noche de San Juan sin petardos en el Pirineo Aragon\u00e9s?<\/strong><\/h4>\n\n\n\n<div class=\"wp-block-buttons is-layout-flex wp-block-buttons-is-layout-flex\">\n<div class=\"wp-block-button aligncenter\"><a class=\"wp-block-button__link wp-element-button\" href=\"https:\/\/www.reservaonline.support\/ecocampingrural\/reservas.html\" target=\"_blank\" rel=\"noreferrer noopener\">Reservar Parcela Ahora<\/a><\/div>\n<\/div>\n\n\n\n<p class=\"has-text-align-center\"><em>Ecocamping Rural Valle de La Fueva es un peque\u00f1o camping en el que poder celebrar la noche de San Juan sin petardos, en un ambiente familiar y tranquilo. Se recuerda que no est\u00e1n permitidas las fiestas en las parcelas, ni el ruido m\u00e1s tarde de las 23.30.<\/em><\/p>\n","protected":false},"excerpt":{"rendered":"<p>Camping para celebrar la noche de San Juan 2024 sin petardos ni fuegos artificiales \u00a1Y con esta van tres! Si estas buscando un Camping para celebrar la Noche de San Juan sin Petardos&#8230; has llegado al lugar indicado. La experiencia de los dos \u00faltimos a\u00f1os nos lleva a volver a querer organizar esta particular velada&hellip;&nbsp;<a href=\"https:\/\/www.ecocampingrural.com\/index.php\/2024\/05\/25\/san-juan-sin-petardos-2024\/\" rel=\"bookmark\">Leer m\u00e1s &raquo;<span class=\"screen-reader-text\">San Juan sin petardos 2024<\/span><\/a><\/p>\n","protected":false},"author":1,"featured_media":1272,"comment_status":"open","ping_status":"open","sticky":false,"template":"","format":"standard","meta":{"_uf_show_specific_survey":0,"_uf_disable_surveys":false,"neve_meta_sidebar":"","neve_meta_container":"","neve_meta_enable_content_width":"","neve_meta_content_width":0,"neve_meta_title_alignment":"","neve_meta_author_avatar":"","neve_post_elements_order":"[\"content\",\"tags\"]","neve_meta_disable_header":"","neve_meta_disable_footer":"","neve_meta_disable_title":"","_themeisle_gutenberg_block_has_review":false,"footnotes":""},"categories":[6],"tags":[101,39,100,102,99],"class_list":["post-1682","post","type-post","status-publish","format-standard","has-post-thumbnail","hentry","category-noticias","tag-camping-con-verbena","tag-camping-en-el-pirineo","tag-camping-sin-petardos","tag-san-juan","tag-sant-joan"],"yoast_head":"<!-- This site is optimized with the Yoast SEO plugin v25.6 - https:\/\/yoast.com\/wordpress\/plugins\/seo\/ -->\n<title>Camping para celebrar la noche de San Juan sin petardos<\/title>\n<meta name=\"description\" content=\"Camping en el Pirineo Aragon\u00e9s para celebrar la noche de San Juan sin petardos. M\u00fasica en directo y hoguera. Especial Mascotas.\" \/>\n<meta name=\"robots\" content=\"index, follow, max-snippet:-1, max-image-preview:large, max-video-preview:-1\" \/>\n<link rel=\"canonical\" href=\"https:\/\/www.ecocampingrural.com\/index.php\/2024\/05\/25\/san-juan-sin-petardos-2024\/\" \/>\n<meta property=\"og:locale\" content=\"es_ES\" \/>\n<meta property=\"og:type\" content=\"article\" \/>\n<meta property=\"og:title\" content=\"Camping para celebrar la noche de San Juan sin petardos\" \/>\n<meta property=\"og:description\" content=\"Camping en el Pirineo Aragon\u00e9s para celebrar la noche de San Juan sin petardos. M\u00fasica en directo y hoguera. Especial Mascotas.\" \/>\n<meta property=\"og:url\" content=\"https:\/\/www.ecocampingrural.com\/index.php\/2024\/05\/25\/san-juan-sin-petardos-2024\/\" \/>\n<meta property=\"og:site_name\" content=\"Ecocamping Rural\" \/>\n<meta property=\"article:publisher\" content=\"https:\/\/www.facebook.com\/campinglafueva\" \/>\n<meta property=\"article:published_time\" content=\"2024-05-25T11:15:07+00:00\" \/>\n<meta property=\"article:modified_time\" content=\"2024-05-25T11:15:09+00:00\" \/>\n<meta property=\"og:image\" content=\"https:\/\/www.ecocampingrural.com\/wp-content\/uploads\/2023\/04\/perros-petardos-san-juan.jpg\" \/>\n\t<meta property=\"og:image:width\" content=\"1000\" \/>\n\t<meta property=\"og:image:height\" content=\"686\" \/>\n\t<meta property=\"og:image:type\" content=\"image\/jpeg\" \/>\n<meta name=\"author\" content=\"ecocamping\" \/>\n<meta name=\"twitter:card\" content=\"summary_large_image\" \/>\n<meta name=\"twitter:label1\" content=\"Escrito por\" \/>\n\t<meta name=\"twitter:data1\" content=\"ecocamping\" \/>\n\t<meta name=\"twitter:label2\" content=\"Tiempo de lectura\" \/>\n\t<meta name=\"twitter:data2\" content=\"3 minutos\" \/>\n<script type=\"application\/ld+json\" class=\"yoast-schema-graph\">{\"@context\":\"https:\/\/schema.org\",\"@graph\":[{\"@type\":\"Article\",\"@id\":\"https:\/\/www.ecocampingrural.com\/index.php\/2024\/05\/25\/san-juan-sin-petardos-2024\/#article\",\"isPartOf\":{\"@id\":\"https:\/\/www.ecocampingrural.com\/index.php\/2024\/05\/25\/san-juan-sin-petardos-2024\/\"},\"author\":{\"name\":\"ecocamping\",\"@id\":\"https:\/\/www.ecocampingrural.com\/#\/schema\/person\/672b4c97857d8a1fc3fc8a7af38f40c3\"},\"headline\":\"San Juan sin petardos 2024\",\"datePublished\":\"2024-05-25T11:15:07+00:00\",\"dateModified\":\"2024-05-25T11:15:09+00:00\",\"mainEntityOfPage\":{\"@id\":\"https:\/\/www.ecocampingrural.com\/index.php\/2024\/05\/25\/san-juan-sin-petardos-2024\/\"},\"wordCount\":613,\"commentCount\":0,\"publisher\":{\"@id\":\"https:\/\/www.ecocampingrural.com\/#organization\"},\"image\":{\"@id\":\"https:\/\/www.ecocampingrural.com\/index.php\/2024\/05\/25\/san-juan-sin-petardos-2024\/#primaryimage\"},\"thumbnailUrl\":\"https:\/\/www.ecocampingrural.com\/wp-content\/uploads\/2023\/04\/perros-petardos-san-juan.jpg\",\"keywords\":[\"Camping con verbena\",\"Camping en el Pirineo\",\"Camping sin petardos\",\"San Juan\",\"Sant Joan\"],\"articleSection\":[\"Noticias\"],\"inLanguage\":\"es\",\"potentialAction\":[{\"@type\":\"CommentAction\",\"name\":\"Comment\",\"target\":[\"https:\/\/www.ecocampingrural.com\/index.php\/2024\/05\/25\/san-juan-sin-petardos-2024\/#respond\"]}]},{\"@type\":\"WebPage\",\"@id\":\"https:\/\/www.ecocampingrural.com\/index.php\/2024\/05\/25\/san-juan-sin-petardos-2024\/\",\"url\":\"https:\/\/www.ecocampingrural.com\/index.php\/2024\/05\/25\/san-juan-sin-petardos-2024\/\",\"name\":\"Camping para celebrar la noche de San Juan sin petardos\",\"isPartOf\":{\"@id\":\"https:\/\/www.ecocampingrural.com\/#website\"},\"primaryImageOfPage\":{\"@id\":\"https:\/\/www.ecocampingrural.com\/index.php\/2024\/05\/25\/san-juan-sin-petardos-2024\/#primaryimage\"},\"image\":{\"@id\":\"https:\/\/www.ecocampingrural.com\/index.php\/2024\/05\/25\/san-juan-sin-petardos-2024\/#primaryimage\"},\"thumbnailUrl\":\"https:\/\/www.ecocampingrural.com\/wp-content\/uploads\/2023\/04\/perros-petardos-san-juan.jpg\",\"datePublished\":\"2024-05-25T11:15:07+00:00\",\"dateModified\":\"2024-05-25T11:15:09+00:00\",\"description\":\"Camping en el Pirineo Aragon\u00e9s para celebrar la noche de San Juan sin petardos. M\u00fasica en directo y hoguera. Especial Mascotas.\",\"breadcrumb\":{\"@id\":\"https:\/\/www.ecocampingrural.com\/index.php\/2024\/05\/25\/san-juan-sin-petardos-2024\/#breadcrumb\"},\"inLanguage\":\"es\",\"potentialAction\":[{\"@type\":\"ReadAction\",\"target\":[\"https:\/\/www.ecocampingrural.com\/index.php\/2024\/05\/25\/san-juan-sin-petardos-2024\/\"]}]},{\"@type\":\"ImageObject\",\"inLanguage\":\"es\",\"@id\":\"https:\/\/www.ecocampingrural.com\/index.php\/2024\/05\/25\/san-juan-sin-petardos-2024\/#primaryimage\",\"url\":\"https:\/\/www.ecocampingrural.com\/wp-content\/uploads\/2023\/04\/perros-petardos-san-juan.jpg\",\"contentUrl\":\"https:\/\/www.ecocampingrural.com\/wp-content\/uploads\/2023\/04\/perros-petardos-san-juan.jpg\",\"width\":1000,\"height\":686,\"caption\":\"san-juan-perros-petardos\"},{\"@type\":\"BreadcrumbList\",\"@id\":\"https:\/\/www.ecocampingrural.com\/index.php\/2024\/05\/25\/san-juan-sin-petardos-2024\/#breadcrumb\",\"itemListElement\":[{\"@type\":\"ListItem\",\"position\":1,\"name\":\"Portada\",\"item\":\"https:\/\/www.ecocampingrural.com\/\"},{\"@type\":\"ListItem\",\"position\":2,\"name\":\"San Juan sin petardos 2024\"}]},{\"@type\":\"WebSite\",\"@id\":\"https:\/\/www.ecocampingrural.com\/#website\",\"url\":\"https:\/\/www.ecocampingrural.com\/\",\"name\":\"Ecocamping Rural Valle de La Fueva\",\"description\":\"Valle de La Fueva\",\"publisher\":{\"@id\":\"https:\/\/www.ecocampingrural.com\/#organization\"},\"potentialAction\":[{\"@type\":\"SearchAction\",\"target\":{\"@type\":\"EntryPoint\",\"urlTemplate\":\"https:\/\/www.ecocampingrural.com\/?s={search_term_string}\"},\"query-input\":{\"@type\":\"PropertyValueSpecification\",\"valueRequired\":true,\"valueName\":\"search_term_string\"}}],\"inLanguage\":\"es\"},{\"@type\":\"Organization\",\"@id\":\"https:\/\/www.ecocampingrural.com\/#organization\",\"name\":\"ECOCAMPING RURAL SC\",\"url\":\"https:\/\/www.ecocampingrural.com\/\",\"logo\":{\"@type\":\"ImageObject\",\"inLanguage\":\"es\",\"@id\":\"https:\/\/www.ecocampingrural.com\/#\/schema\/logo\/image\/\",\"url\":\"https:\/\/www.ecocampingrural.com\/wp-content\/uploads\/2021\/02\/LOGODEFVERDE.png\",\"contentUrl\":\"https:\/\/www.ecocampingrural.com\/wp-content\/uploads\/2021\/02\/LOGODEFVERDE.png\",\"width\":865,\"height\":579,\"caption\":\"ECOCAMPING RURAL SC\"},\"image\":{\"@id\":\"https:\/\/www.ecocampingrural.com\/#\/schema\/logo\/image\/\"},\"sameAs\":[\"https:\/\/www.facebook.com\/campinglafueva\",\"https:\/\/www.instagram.com\/ecocampingrural\/\"]},{\"@type\":\"Person\",\"@id\":\"https:\/\/www.ecocampingrural.com\/#\/schema\/person\/672b4c97857d8a1fc3fc8a7af38f40c3\",\"name\":\"ecocamping\",\"image\":{\"@type\":\"ImageObject\",\"inLanguage\":\"es\",\"@id\":\"https:\/\/www.ecocampingrural.com\/#\/schema\/person\/image\/\",\"url\":\"https:\/\/secure.gravatar.com\/avatar\/10dc49e0ad13fae4dcb4f35dca9fcdb9?s=96&d=mm&r=g\",\"contentUrl\":\"https:\/\/secure.gravatar.com\/avatar\/10dc49e0ad13fae4dcb4f35dca9fcdb9?s=96&d=mm&r=g\",\"caption\":\"ecocamping\"},\"sameAs\":[\"http:\/\/www.ecocampingrural.com\"]}]}<\/script>\n<!-- \/ Yoast SEO plugin. -->","yoast_head_json":{"title":"Camping para celebrar la noche de San Juan sin petardos","description":"Camping en el Pirineo Aragon\u00e9s para celebrar la noche de San Juan sin petardos. M\u00fasica en directo y hoguera. Especial Mascotas.","robots":{"index":"index","follow":"follow","max-snippet":"max-snippet:-1","max-image-preview":"max-image-preview:large","max-video-preview":"max-video-preview:-1"},"canonical":"https:\/\/www.ecocampingrural.com\/index.php\/2024\/05\/25\/san-juan-sin-petardos-2024\/","og_locale":"es_ES","og_type":"article","og_title":"Camping para celebrar la noche de San Juan sin petardos","og_description":"Camping en el Pirineo Aragon\u00e9s para celebrar la noche de San Juan sin petardos. M\u00fasica en directo y hoguera. Especial Mascotas.","og_url":"https:\/\/www.ecocampingrural.com\/index.php\/2024\/05\/25\/san-juan-sin-petardos-2024\/","og_site_name":"Ecocamping Rural","article_publisher":"https:\/\/www.facebook.com\/campinglafueva","article_published_time":"2024-05-25T11:15:07+00:00","article_modified_time":"2024-05-25T11:15:09+00:00","og_image":[{"width":1000,"height":686,"url":"https:\/\/www.ecocampingrural.com\/wp-content\/uploads\/2023\/04\/perros-petardos-san-juan.jpg","type":"image\/jpeg"}],"author":"ecocamping","twitter_card":"summary_large_image","twitter_misc":{"Escrito por":"ecocamping","Tiempo de lectura":"3 minutos"},"schema":{"@context":"https:\/\/schema.org","@graph":[{"@type":"Article","@id":"https:\/\/www.ecocampingrural.com\/index.php\/2024\/05\/25\/san-juan-sin-petardos-2024\/#article","isPartOf":{"@id":"https:\/\/www.ecocampingrural.com\/index.php\/2024\/05\/25\/san-juan-sin-petardos-2024\/"},"author":{"name":"ecocamping","@id":"https:\/\/www.ecocampingrural.com\/#\/schema\/person\/672b4c97857d8a1fc3fc8a7af38f40c3"},"headline":"San Juan sin petardos 2024","datePublished":"2024-05-25T11:15:07+00:00","dateModified":"2024-05-25T11:15:09+00:00","mainEntityOfPage":{"@id":"https:\/\/www.ecocampingrural.com\/index.php\/2024\/05\/25\/san-juan-sin-petardos-2024\/"},"wordCount":613,"commentCount":0,"publisher":{"@id":"https:\/\/www.ecocampingrural.com\/#organization"},"image":{"@id":"https:\/\/www.ecocampingrural.com\/index.php\/2024\/05\/25\/san-juan-sin-petardos-2024\/#primaryimage"},"thumbnailUrl":"https:\/\/www.ecocampingrural.com\/wp-content\/uploads\/2023\/04\/perros-petardos-san-juan.jpg","keywords":["Camping con verbena","Camping en el Pirineo","Camping sin petardos","San Juan","Sant Joan"],"articleSection":["Noticias"],"inLanguage":"es","potentialAction":[{"@type":"CommentAction","name":"Comment","target":["https:\/\/www.ecocampingrural.com\/index.php\/2024\/05\/25\/san-juan-sin-petardos-2024\/#respond"]}]},{"@type":"WebPage","@id":"https:\/\/www.ecocampingrural.com\/index.php\/2024\/05\/25\/san-juan-sin-petardos-2024\/","url":"https:\/\/www.ecocampingrural.com\/index.php\/2024\/05\/25\/san-juan-sin-petardos-2024\/","name":"Camping para celebrar la noche de San Juan sin petardos","isPartOf":{"@id":"https:\/\/www.ecocampingrural.com\/#website"},"primaryImageOfPage":{"@id":"https:\/\/www.ecocampingrural.com\/index.php\/2024\/05\/25\/san-juan-sin-petardos-2024\/#primaryimage"},"image":{"@id":"https:\/\/www.ecocampingrural.com\/index.php\/2024\/05\/25\/san-juan-sin-petardos-2024\/#primaryimage"},"thumbnailUrl":"https:\/\/www.ecocampingrural.com\/wp-content\/uploads\/2023\/04\/perros-petardos-san-juan.jpg","datePublished":"2024-05-25T11:15:07+00:00","dateModified":"2024-05-25T11:15:09+00:00","description":"Camping en el Pirineo Aragon\u00e9s para celebrar la noche de San Juan sin petardos. M\u00fasica en directo y hoguera. Especial Mascotas.","breadcrumb":{"@id":"https:\/\/www.ecocampingrural.com\/index.php\/2024\/05\/25\/san-juan-sin-petardos-2024\/#breadcrumb"},"inLanguage":"es","potentialAction":[{"@type":"ReadAction","target":["https:\/\/www.ecocampingrural.com\/index.php\/2024\/05\/25\/san-juan-sin-petardos-2024\/"]}]},{"@type":"ImageObject","inLanguage":"es","@id":"https:\/\/www.ecocampingrural.com\/index.php\/2024\/05\/25\/san-juan-sin-petardos-2024\/#primaryimage","url":"https:\/\/www.ecocampingrural.com\/wp-content\/uploads\/2023\/04\/perros-petardos-san-juan.jpg","contentUrl":"https:\/\/www.ecocampingrural.com\/wp-content\/uploads\/2023\/04\/perros-petardos-san-juan.jpg","width":1000,"height":686,"caption":"san-juan-perros-petardos"},{"@type":"BreadcrumbList","@id":"https:\/\/www.ecocampingrural.com\/index.php\/2024\/05\/25\/san-juan-sin-petardos-2024\/#breadcrumb","itemListElement":[{"@type":"ListItem","position":1,"name":"Portada","item":"https:\/\/www.ecocampingrural.com\/"},{"@type":"ListItem","position":2,"name":"San Juan sin petardos 2024"}]},{"@type":"WebSite","@id":"https:\/\/www.ecocampingrural.com\/#website","url":"https:\/\/www.ecocampingrural.com\/","name":"Ecocamping Rural Valle de La Fueva","description":"Valle de La Fueva","publisher":{"@id":"https:\/\/www.ecocampingrural.com\/#organization"},"potentialAction":[{"@type":"SearchAction","target":{"@type":"EntryPoint","urlTemplate":"https:\/\/www.ecocampingrural.com\/?s={search_term_string}"},"query-input":{"@type":"PropertyValueSpecification","valueRequired":true,"valueName":"search_term_string"}}],"inLanguage":"es"},{"@type":"Organization","@id":"https:\/\/www.ecocampingrural.com\/#organization","name":"ECOCAMPING RURAL SC","url":"https:\/\/www.ecocampingrural.com\/","logo":{"@type":"ImageObject","inLanguage":"es","@id":"https:\/\/www.ecocampingrural.com\/#\/schema\/logo\/image\/","url":"https:\/\/www.ecocampingrural.com\/wp-content\/uploads\/2021\/02\/LOGODEFVERDE.png","contentUrl":"https:\/\/www.ecocampingrural.com\/wp-content\/uploads\/2021\/02\/LOGODEFVERDE.png","width":865,"height":579,"caption":"ECOCAMPING RURAL SC"},"image":{"@id":"https:\/\/www.ecocampingrural.com\/#\/schema\/logo\/image\/"},"sameAs":["https:\/\/www.facebook.com\/campinglafueva","https:\/\/www.instagram.com\/ecocampingrural\/"]},{"@type":"Person","@id":"https:\/\/www.ecocampingrural.com\/#\/schema\/person\/672b4c97857d8a1fc3fc8a7af38f40c3","name":"ecocamping","image":{"@type":"ImageObject","inLanguage":"es","@id":"https:\/\/www.ecocampingrural.com\/#\/schema\/person\/image\/","url":"https:\/\/secure.gravatar.com\/avatar\/10dc49e0ad13fae4dcb4f35dca9fcdb9?s=96&d=mm&r=g","contentUrl":"https:\/\/secure.gravatar.com\/avatar\/10dc49e0ad13fae4dcb4f35dca9fcdb9?s=96&d=mm&r=g","caption":"ecocamping"},"sameAs":["http:\/\/www.ecocampingrural.com"]}]}},"_links":{"self":[{"href":"https:\/\/www.ecocampingrural.com\/index.php\/wp-json\/wp\/v2\/posts\/1682","targetHints":{"allow":["GET"]}}],"collection":[{"href":"https:\/\/www.ecocampingrural.com\/index.php\/wp-json\/wp\/v2\/posts"}],"about":[{"href":"https:\/\/www.ecocampingrural.com\/index.php\/wp-json\/wp\/v2\/types\/post"}],"author":[{"embeddable":true,"href":"https:\/\/www.ecocampingrural.com\/index.php\/wp-json\/wp\/v2\/users\/1"}],"replies":[{"embeddable":true,"href":"https:\/\/www.ecocampingrural.com\/index.php\/wp-json\/wp\/v2\/comments?post=1682"}],"version-history":[{"count":0,"href":"https:\/\/www.ecocampingrural.com\/index.php\/wp-json\/wp\/v2\/posts\/1682\/revisions"}],"wp:featuredmedia":[{"embeddable":true,"href":"https:\/\/www.ecocampingrural.com\/index.php\/wp-json\/wp\/v2\/media\/1272"}],"wp:attachment":[{"href":"https:\/\/www.ecocampingrural.com\/index.php\/wp-json\/wp\/v2\/media?parent=1682"}],"wp:term":[{"taxonomy":"category","embeddable":true,"href":"https:\/\/www.ecocampingrural.com\/index.php\/wp-json\/wp\/v2\/categories?post=1682"},{"taxonomy":"post_tag","embeddable":true,"href":"https:\/\/www.ecocampingrural.com\/index.php\/wp-json\/wp\/v2\/tags?post=1682"}],"curies":[{"name":"wp","href":"https:\/\/api.w.org\/{rel}","templated":true}]}}