{"id":2329,"date":"2025-09-14T09:40:49","date_gmt":"2025-09-14T09:40:49","guid":{"rendered":"https:\/\/www.ecocampingrural.com\/?p=2329"},"modified":"2025-09-14T09:41:16","modified_gmt":"2025-09-14T09:41:16","slug":"viajar-coche-electrico-con-remolque-experiencia-real","status":"publish","type":"post","link":"https:\/\/www.ecocampingrural.com\/index.php\/2025\/09\/14\/viajar-coche-electrico-con-remolque-experiencia-real\/","title":{"rendered":"Viajar en coche el\u00e9ctrico con remolque-tienda: experiencia real"},"content":{"rendered":"\n<h2 class=\"wp-block-heading\">Una forma consciente y eficiente de moverse<\/h2>\n\n\n\n<p>Viajar es algo m\u00e1s que desplazarse de un punto a otro <em>&#8211; Algunos dicen que lo mejor del viaje no es el destino, sino el camino&#8230;- <\/em>y por qu\u00e9 no, es tambi\u00e9n una forma de reconectar contigo o con los tuyos, y dejar atr\u00e1s la prisa que nos consume en el d\u00eda a d\u00eda. Si a eso le sumamos intentar hacerlo de una forma m\u00e1s sostenible, y en contacto con la naturaleza, tenemos una combinaci\u00f3n perfecta: <strong>Viajar en Coche el\u00e9ctrico con remolque-tienda.<\/strong><\/p>\n\n\n\n<p>En esta entrada queremos compartir nuestra experiencia viajando con un <strong>Coche El\u00e9ctrico<\/strong> <em>&#8211; un <a href=\"https:\/\/www.nissan.es\/vehiculos\/nuevos-vehiculos\/ariya.html?cid=psm_cmid=17045101402_grid=164356953534_adid=708199956948&amp;gclid=CjwKCAjwz5nGBhBBEiwA-W6XRCb-_iV7wD0X5L7ejRmUHMZnRd5_sYODaCMIJhv4-LoZDqbZ2CPOQhoC1CkQAvD_BwE&amp;accid=4523&amp;kw=nissan%20ariya&amp;matchtype=e&amp;network=g&amp;campaignid=17045101402&amp;device=c&amp;devicemodel=&amp;loc_physical_ms=9047052&amp;loc_interest_ms=&amp;placement=&amp;creative=708199956948&amp;adposition=&amp;random=1411389497834207090&amp;gclsrc=aw.ds&amp;gad_source=1&amp;gad_campaignid=17045101402\">Nissan Ariya <\/a>de 66 kWh &#8211;<\/em><strong> y un remolque-tienda<\/strong> o <em>Carrotienda<\/em> de menos de 750 kg sin piquetas tipo <a href=\"https:\/\/tiendaonline.rcomanche.com\/inicio\/12-montana-explorer-desert-8435463600078.html\">Comanche Montana Explorer<\/a>. Una f\u00f3rmula que demuestra que el turismo en clave sostenible no solo es posible, sino que puede ser m\u00e1s sencillo, c\u00f3modo y gratificante de lo que imaginas.<\/p>\n\n\n\n<hr class=\"wp-block-separator has-alpha-channel-opacity\"\/>\n\n\n\n<h2 class=\"wp-block-heading\">Menos velocidad, m\u00e1s eficiencia\u2026 y m\u00e1s disfrute<\/h2>\n\n\n\n<p>Uno de los mitos que rodean a los coches el\u00e9ctricos es que no son aptos para viajes largos, especialmente si llevas carga adicional como un remolque. Pero la realidad es muy distinta si aceptamos una verdad b\u00e1sica: <strong>Correr m\u00e1s no te lleva m\u00e1s lejos.<\/strong><\/p>\n\n\n\n<p>Cuando viajas con un remolque, la normativa ya te marca un ritmo diferente: hasta <strong>80 km\/h en v\u00edas convencionales y hasta 110 km\/h en autopista<\/strong> o autov\u00eda. Y, curiosamente, ese es tambi\u00e9n <strong>el rango de velocidad m\u00e1s eficiente para los veh\u00edculos el\u00e9ctricos<\/strong>.<\/p>\n\n\n\n<p>A velocidades de entre <strong>90 y 110 km\/h<\/strong>, el Nissan Ariya <em>&#8211; o la mayor parte de los veh\u00edculos el\u00e9ctricos &#8211;<\/em>, optimiza mucho mejor su consumo, especialmente en trayectos largos y constantes. En cambio, a 120 km\/h el consumo es m\u00e1s elevado y la autonom\u00eda cae, algo que sin duda preocupa a todo <strong><a href=\"https:\/\/www.elperiodico.com\/es\/motor\/20250912\/homo-electrus-nueva-raza-conductor-coche-electrico-121508144\">Homo Electrus<\/a><\/strong> <em>&#8211; como as\u00ed llaman ahora a quienes conducen este tipo de veh\u00edculos &#8211;<\/em>. As\u00ed que, en este tipo de viajes, <strong>la ley y la l\u00f3gica el\u00e9ctrica van de la mano<\/strong>.<\/p>\n\n\n\n<hr class=\"wp-block-separator has-alpha-channel-opacity\"\/>\n\n\n\n<figure class=\"wp-block-image size-large\"><img decoding=\"async\" width=\"1024\" height=\"576\" src=\"https:\/\/www.ecocampingrural.com\/wp-content\/uploads\/2025\/09\/coche-electrico-y-carrotienda-1024x576.jpg\" alt=\"viajar en coche el\u00e9ctrico y caravana\" class=\"wp-image-2330\" srcset=\"https:\/\/www.ecocampingrural.com\/wp-content\/uploads\/2025\/09\/coche-electrico-y-carrotienda-1024x576.jpg 1024w, https:\/\/www.ecocampingrural.com\/wp-content\/uploads\/2025\/09\/coche-electrico-y-carrotienda-300x169.jpg 300w, https:\/\/www.ecocampingrural.com\/wp-content\/uploads\/2025\/09\/coche-electrico-y-carrotienda-768x432.jpg 768w, https:\/\/www.ecocampingrural.com\/wp-content\/uploads\/2025\/09\/coche-electrico-y-carrotienda-1536x864.jpg 1536w, https:\/\/www.ecocampingrural.com\/wp-content\/uploads\/2025\/09\/coche-electrico-y-carrotienda-2048x1152.jpg 2048w\" sizes=\"(max-width: 1024px) 100vw, 1024px\" \/><\/figure>\n\n\n\n<h2 class=\"wp-block-heading\">\u00bfY la autonom\u00eda de un Coche El\u00e9ctrico con un Remolque-Tienda?<\/h2>\n\n\n\n<p>Con el Ariya de 66 kWh y el remolque-tienda, hemos conseguido un <strong>consumo real de 21.3 kWh\/100<\/strong> <em>(un 16% m\u00e1s que en nuestro d\u00eda a d\u00eda)<\/em>. El trayecto de ida fue desde <a href=\"https:\/\/www.ecocampingrural.com\">Ecocamping Rural Valle de La Fueva<\/a>, en el Pirineo Aragon\u00e9s, hasta <a href=\"https:\/\/www.sangulisalou.com\/es\/\">Sangul\u00ed Camping &amp; Resort<\/a> en Tarragona. El viaje lo realizamos por carretera convencional y alg\u00fan tramo de autopista o autov\u00eda cuando no hab\u00eda una mejor opci\u00f3n. Cuatro personas, sus equipajes, el carrotienda y cuatro bicicletas (como en la imagen superior).<\/p>\n\n\n\n<p><strong>DATOS VIAJE DE IDA<\/strong><br>&#8211; Distancia: 223.9 km<br>&#8211; Consumo medio: 21.3 Kwh\/100 Km<br>&#8211; Tiempo de conducci\u00f3n: 3.08 horas<br>&#8211; Tipo de Carretera: Secundar\u00edas 90% &#8211; 10% Autov\u00eda<br>&#8211; Bater\u00eda en Origen: 100%<br>&#8211; Bater\u00eda restante: 19% (58 km)<br>&#8211; Recargas durante el viaje: 0<\/p>\n\n\n\n<p>El viaje de vuelta lo realizamos principalmente por Autov\u00eda y Autopista, con un incremento medio en el consumo de <strong>3.9 kWh<\/strong>. lo cual nos dejar\u00eda una<strong> autonom\u00eda aproximada de unos 260 km<\/strong> (100 km menos de autonom\u00eda que en nuestro d\u00eda a d\u00eda). Sin duda, el consumo, de haberlo realizado tanto a la ida como a la vuelta por la segunda ruta, habr\u00eda sido mayor, por lo que, en una <strong>conclusi\u00f3n r\u00e1pida<\/strong>, adoptar una <strong>filosof\u00eda de viaje m\u00e1s pausada<\/strong>, disfrutando de rutas alternativas, e incluso con paradas para descansar o comer algo, hace que disfrutemos y descubramos peque\u00f1os rincones y placeres que unen el punto A con el B&#8230; <br>Es importante destacar que el uso de v\u00edas secundarias no alarga el tiempo final de viaje respecto al uso de autov\u00edas\/ autopistas, ya que estas \u00faltimas son m\u00e1s r\u00e1pidas (al circular a la velocidad legal) pero no son siempre las m\u00e1s cortas. Recordemos que la distancia m\u00e1s corta entre dos puntos es la linea recta, y al mantener velocidades menores, en rutas alternativas, puede resultar un tiempo equivalente.<br><br><strong>DATOS TOTALES DEL VIAJE<\/strong><br>&#8211; Distancia: 510.7 km<br>&#8211; Consumo medio: 25.1 kwh\/100 Km<br>&#8211; Tiempo de conducci\u00f3n: 7.58 horas<br>&#8211; Tipo de Carretera: 70% Autov\u00eda 30% v\u00edas secundarias<br>&#8211; Bater\u00eda en Origen: 100%<br>&#8211; Bater\u00eda restante: 18% (43 km)<br>&#8211; Recargas durante el viaje: 1 (<a href=\"https:\/\/www.tesla.com\/es_es\/findus\/location\/supercharger\/huescaessupercharger\">SuperCharger Tesla Barbastro<\/a> &#8211; 22.20 kWh &#8211; 13 minutos -recuperaci\u00f3n del 30% de bater\u00eda)<br><br><strong>Incremento de consumo medio por arrastrar remolque:  38%<\/strong><\/p>\n\n\n\n<p>Aqu\u00ed habr\u00eda que destacar que ha sido nuestro primer viaje en coche el\u00e9ctrico, y que adem\u00e1s lo hemos hecho con el remolque y cargados hasta la bandera&#8230; <em>&#8211; a la aventura, sin conocer la autonom\u00eda real pr\u00e1ctica y sin haber usado nunca un cargador p\u00fablico! \u00bfQui\u00e9n dijo miedo? &#8211;<\/em>. La experiencia en la conducci\u00f3n tal vez nos permita mejorar estas cifras para futuros viajes.<\/p>\n\n\n\n<blockquote class=\"wp-block-quote has-nv-light-bg-background-color has-background is-layout-flow wp-block-quote-is-layout-flow\">\n<p><strong>\u00a1Electro-Consejo!<\/strong> En ambos campings contamos con la opci\u00f3n de cargador de Veh\u00edculos El\u00e9ctricos, por lo que hizo que el viaje fuera realmente c\u00f3modo, f\u00e1cil y sostenible (y mucho m\u00e1s f\u00e1cil de planificar).<\/p>\n<\/blockquote>\n\n\n\n<hr class=\"wp-block-separator has-alpha-channel-opacity\"\/>\n\n\n\n<h2 class=\"wp-block-heading\">Remolque-tienda: la soluci\u00f3n ideal para viajar ligero<\/h2>\n\n\n\n<p>Elegimos un <strong>remolque-tienda de menos de 750 kg<\/strong> porque, a parte de que <strong>no requiere matr\u00edcula propia ni seguro adicional<\/strong>, para nosotros es una opci\u00f3n ligera, pr\u00e1ctica y muy c\u00f3moda para dormir en tienda de campa\u00f1a, que nos encanta, sin renunciar a la comodidad de hacerlo en una cama de verdad, y que adem\u00e1s nos permite llevar c\u00f3modamente las bicicletas.<\/p>\n\n\n\n<p>Este tipo de remolques afecta mucho menos al comportamiento del coche y, gracias a su dise\u00f1o compacto, <strong>no penaliza en exceso el consumo el\u00e9ctrico<\/strong>, en comparaci\u00f3n en como lo har\u00eda una caravana, aunque esto no quita que no pueda hacerse, aunque si va a ser tu opci\u00f3n, nuestra recomendaci\u00f3n ser\u00e1 que busques un veh\u00edculo con una bater\u00eda mayor (y que tambien este capacitado y\/o autorizado para arrastrar m\u00e1s de 750 kg, l\u00edmite que en este caso tiene nuestro veh\u00edculo)<\/p>\n\n\n\n<figure class=\"wp-block-image size-large\"><img decoding=\"async\" width=\"1024\" height=\"768\" src=\"https:\/\/www.ecocampingrural.com\/wp-content\/uploads\/2025\/09\/coche-electrico-cargando-con-remolque-supertesla-1024x768.jpg\" alt=\"cargador tesla con remolque viajar electrico\" class=\"wp-image-2331\" srcset=\"https:\/\/www.ecocampingrural.com\/wp-content\/uploads\/2025\/09\/coche-electrico-cargando-con-remolque-supertesla-1024x768.jpg 1024w, https:\/\/www.ecocampingrural.com\/wp-content\/uploads\/2025\/09\/coche-electrico-cargando-con-remolque-supertesla-300x225.jpg 300w, https:\/\/www.ecocampingrural.com\/wp-content\/uploads\/2025\/09\/coche-electrico-cargando-con-remolque-supertesla-768x576.jpg 768w, https:\/\/www.ecocampingrural.com\/wp-content\/uploads\/2025\/09\/coche-electrico-cargando-con-remolque-supertesla-1536x1152.jpg 1536w, https:\/\/www.ecocampingrural.com\/wp-content\/uploads\/2025\/09\/coche-electrico-cargando-con-remolque-supertesla-2048x1536.jpg 2048w\" sizes=\"(max-width: 1024px) 100vw, 1024px\" \/><figcaption class=\"wp-element-caption\"><em>SuperCharger Tesla en Barbastro &#8211; Ideal para una \u00faltima carga r\u00e1pida antes de llegar a Ecocamping Rural<\/em><\/figcaption><\/figure>\n\n\n\n<hr class=\"wp-block-separator has-alpha-channel-opacity\"\/>\n\n\n\n<h2 class=\"wp-block-heading\">Una manera diferente de viajar\u2026 <\/h2>\n\n\n\n<p>Si nos ponemos filos\u00f3ficos, viajar con coche el\u00e9ctrico y remolque-tienda es una experiencia que te reconecta con el tiempo real, con los paisajes que cruzas y con la gente que conoces por el camino. No hay prisas, no hay ruido de motor, no hay humos. Solo t\u00fa, la carretera y la naturaleza que te rodea.<\/p>\n\n\n\n<p>Adem\u00e1s, es una opci\u00f3n <strong>econ\u00f3micamente interesante<\/strong> <em>&#8211; si, sin contar el precio al que est\u00e1n los veh\u00edculos el\u00e9ctricos&#8230; pero ya van siendo cada vez m\u00e1s \u00abaccesibles\u00bb<\/em> <em>y los de combusti\u00f3n tampoco est\u00e1n regalados &#8211; <\/em>el ahorro en combustible es considerable, y si planificas bien las recargas, puedes aprovechar tarifas reducidas, cargadores gratuitos o puntos de carga en campings.<\/p>\n\n\n\n<hr class=\"wp-block-separator has-alpha-channel-opacity\"\/>\n\n\n\n<h2 class=\"wp-block-heading\">Consejos para Viajar en Coche el\u00e9ctrico con remolque-tienda<\/h2>\n\n\n\n<ul class=\"wp-block-list\">\n<li><strong>Planifica bien las rutas<\/strong>: usa apps como <a href=\"https:\/\/abetterrouteplanner.com\/\">ABRP<\/a> para organizar paradas estrat\u00e9gicas. <strong>Especialmente buscando zonas de carga aptas para acceder, maniobrar y aparcar con tu remolque, sin tener que desenganchar.<\/strong><\/li>\n\n\n\n<li><strong>No corras<\/strong>: la eficiencia est\u00e1 en la moderaci\u00f3n. Entre 90 y 100 km\/h ir\u00e1s c\u00f3modo y ahorrar\u00e1s bater\u00eda, por lo que el uso de carreteras alternativas no modificar\u00e1 en exceso los tiempos de viaje.<\/li>\n\n\n\n<li><strong>Lleva siempre una segunda opci\u00f3n de carga<\/strong> por si alg\u00fan punto no funciona o est\u00e1 ocupado.<\/li>\n\n\n\n<li><strong>Aprovecha las paradas<\/strong>: convierte cada carga en una oportunidad para descubrir un pueblo, un mirador o una ruta.<\/li>\n\n\n\n<li><strong>Respeta y disfruta<\/strong>: este tipo de viaje te invita a conectar con la filosof\u00eda slow travel. Aprov\u00e9chalo.<\/li>\n<\/ul>\n\n\n\n<hr class=\"wp-block-separator has-alpha-channel-opacity\"\/>\n\n\n\n<h2 class=\"wp-block-heading\">En resumen<\/h2>\n\n\n\n<p>Viajar en coche el\u00e9ctrico con remolque-tienda en Espa\u00f1a es posible, con autonom\u00edas que permitan hacer al menos dos horas y media de viaje c\u00f3modamente. En cualquier viaje que hagas, al menos vas a parar cada dos horas y media o tres, por lo que no habr\u00eda diferencia alguna a cuando lo realizas con un veh\u00edculo de combusti\u00f3n. En el tiempo que te tomas un caf\u00e9 o vas al wc, el veh\u00edculo habr\u00e1 recuperado bateria suficiente para realizar un nuevo tramo de similares caracter\u00edsticas o la m\u00ednima necesaria para llegara  destino, en caso de que sea un viaje lo suficientemente largo como para necesitar volver a hacerlo.<br>Curiosamente, las v\u00edas secundarias nos dieron m\u00e1s opciones con puntos de recarga que las que pudimos encontrar en la autopista, por lo que las escalas y la posibilidad de recargar ser\u00e1 mucho m\u00e1s f\u00e1cil.<\/p>\n\n\n\n<hr class=\"wp-block-separator has-alpha-channel-opacity\"\/>\n\n\n\n<p>\u00bfEstas preparado para esta nueva forma de viajar? Dicen que el coche el\u00e9ctrico solo lo cuestiona quien no tiene uno.. \u00bfy tu? \u00bferes de Veh\u00edculo + Tienda, Tienda de techo, Carro-Tienda, o de Caravana? <\/p>\n","protected":false},"excerpt":{"rendered":"<p>Una forma consciente y eficiente de moverse Viajar es algo m\u00e1s que desplazarse de un punto a otro &#8211; Algunos dicen que lo mejor del viaje no es el destino, sino el camino&#8230;- y por qu\u00e9 no, es tambi\u00e9n una forma de reconectar contigo o con los tuyos, y dejar atr\u00e1s la prisa que nos&hellip;&nbsp;<a href=\"https:\/\/www.ecocampingrural.com\/index.php\/2025\/09\/14\/viajar-coche-electrico-con-remolque-experiencia-real\/\" rel=\"bookmark\">Leer m\u00e1s &raquo;<span class=\"screen-reader-text\">Viajar en coche el\u00e9ctrico con remolque-tienda: experiencia real<\/span><\/a><\/p>\n","protected":false},"author":1,"featured_media":2330,"comment_status":"open","ping_status":"open","sticky":false,"template":"","format":"standard","meta":{"_uf_show_specific_survey":0,"_uf_disable_surveys":false,"neve_meta_sidebar":"","neve_meta_container":"","neve_meta_enable_content_width":"","neve_meta_content_width":0,"neve_meta_title_alignment":"","neve_meta_author_avatar":"","neve_post_elements_order":"[\"content\",\"tags\"]","neve_meta_disable_header":"","neve_meta_disable_footer":"","neve_meta_disable_title":"","_themeisle_gutenberg_block_has_review":false,"footnotes":""},"categories":[1],"tags":[],"class_list":["post-2329","post","type-post","status-publish","format-standard","has-post-thumbnail","hentry","category-sin-categoria"],"yoast_head":"<!-- This site is optimized with the Yoast SEO plugin v25.6 - https:\/\/yoast.com\/wordpress\/plugins\/seo\/ -->\n<title>Viajar en coche el\u00e9ctrico con remolque-tienda: experiencia real - Ecocamping Rural<\/title>\n<meta name=\"description\" content=\"Viajar en coche el\u00e9ctrico con remolque-tienda por Espa\u00f1a es posible. Te contamos nuestra experiencia desde Ecocamping Rural\" \/>\n<meta name=\"robots\" content=\"index, follow, max-snippet:-1, max-image-preview:large, max-video-preview:-1\" \/>\n<link rel=\"canonical\" href=\"https:\/\/www.ecocampingrural.com\/index.php\/2025\/09\/14\/viajar-coche-electrico-con-remolque-experiencia-real\/\" \/>\n<meta property=\"og:locale\" content=\"es_ES\" \/>\n<meta property=\"og:type\" content=\"article\" \/>\n<meta property=\"og:title\" content=\"Viajar en coche el\u00e9ctrico con remolque-tienda: experiencia real - Ecocamping Rural\" \/>\n<meta property=\"og:description\" content=\"Viajar en coche el\u00e9ctrico con remolque-tienda por Espa\u00f1a es posible. Te contamos nuestra experiencia desde Ecocamping Rural\" \/>\n<meta property=\"og:url\" content=\"https:\/\/www.ecocampingrural.com\/index.php\/2025\/09\/14\/viajar-coche-electrico-con-remolque-experiencia-real\/\" \/>\n<meta property=\"og:site_name\" content=\"Ecocamping Rural\" \/>\n<meta property=\"article:publisher\" content=\"https:\/\/www.facebook.com\/campinglafueva\" \/>\n<meta property=\"article:published_time\" content=\"2025-09-14T09:40:49+00:00\" \/>\n<meta property=\"article:modified_time\" content=\"2025-09-14T09:41:16+00:00\" \/>\n<meta property=\"og:image\" content=\"https:\/\/www.ecocampingrural.com\/wp-content\/uploads\/2025\/09\/coche-electrico-y-carrotienda-scaled.jpg\" \/>\n\t<meta property=\"og:image:width\" content=\"2560\" \/>\n\t<meta property=\"og:image:height\" content=\"1440\" \/>\n\t<meta property=\"og:image:type\" content=\"image\/jpeg\" \/>\n<meta name=\"author\" content=\"ecocamping\" \/>\n<meta name=\"twitter:card\" content=\"summary_large_image\" \/>\n<meta name=\"twitter:label1\" content=\"Escrito por\" \/>\n\t<meta name=\"twitter:data1\" content=\"ecocamping\" \/>\n\t<meta name=\"twitter:label2\" content=\"Tiempo de lectura\" \/>\n\t<meta name=\"twitter:data2\" content=\"7 minutos\" \/>\n<script type=\"application\/ld+json\" class=\"yoast-schema-graph\">{\"@context\":\"https:\/\/schema.org\",\"@graph\":[{\"@type\":\"Article\",\"@id\":\"https:\/\/www.ecocampingrural.com\/index.php\/2025\/09\/14\/viajar-coche-electrico-con-remolque-experiencia-real\/#article\",\"isPartOf\":{\"@id\":\"https:\/\/www.ecocampingrural.com\/index.php\/2025\/09\/14\/viajar-coche-electrico-con-remolque-experiencia-real\/\"},\"author\":{\"name\":\"ecocamping\",\"@id\":\"https:\/\/www.ecocampingrural.com\/#\/schema\/person\/672b4c97857d8a1fc3fc8a7af38f40c3\"},\"headline\":\"Viajar en coche el\u00e9ctrico con remolque-tienda: experiencia real\",\"datePublished\":\"2025-09-14T09:40:49+00:00\",\"dateModified\":\"2025-09-14T09:41:16+00:00\",\"mainEntityOfPage\":{\"@id\":\"https:\/\/www.ecocampingrural.com\/index.php\/2025\/09\/14\/viajar-coche-electrico-con-remolque-experiencia-real\/\"},\"wordCount\":1502,\"commentCount\":0,\"publisher\":{\"@id\":\"https:\/\/www.ecocampingrural.com\/#organization\"},\"image\":{\"@id\":\"https:\/\/www.ecocampingrural.com\/index.php\/2025\/09\/14\/viajar-coche-electrico-con-remolque-experiencia-real\/#primaryimage\"},\"thumbnailUrl\":\"https:\/\/www.ecocampingrural.com\/wp-content\/uploads\/2025\/09\/coche-electrico-y-carrotienda-scaled.jpg\",\"inLanguage\":\"es\",\"potentialAction\":[{\"@type\":\"CommentAction\",\"name\":\"Comment\",\"target\":[\"https:\/\/www.ecocampingrural.com\/index.php\/2025\/09\/14\/viajar-coche-electrico-con-remolque-experiencia-real\/#respond\"]}]},{\"@type\":\"WebPage\",\"@id\":\"https:\/\/www.ecocampingrural.com\/index.php\/2025\/09\/14\/viajar-coche-electrico-con-remolque-experiencia-real\/\",\"url\":\"https:\/\/www.ecocampingrural.com\/index.php\/2025\/09\/14\/viajar-coche-electrico-con-remolque-experiencia-real\/\",\"name\":\"Viajar en coche el\u00e9ctrico con remolque-tienda: experiencia real - Ecocamping Rural\",\"isPartOf\":{\"@id\":\"https:\/\/www.ecocampingrural.com\/#website\"},\"primaryImageOfPage\":{\"@id\":\"https:\/\/www.ecocampingrural.com\/index.php\/2025\/09\/14\/viajar-coche-electrico-con-remolque-experiencia-real\/#primaryimage\"},\"image\":{\"@id\":\"https:\/\/www.ecocampingrural.com\/index.php\/2025\/09\/14\/viajar-coche-electrico-con-remolque-experiencia-real\/#primaryimage\"},\"thumbnailUrl\":\"https:\/\/www.ecocampingrural.com\/wp-content\/uploads\/2025\/09\/coche-electrico-y-carrotienda-scaled.jpg\",\"datePublished\":\"2025-09-14T09:40:49+00:00\",\"dateModified\":\"2025-09-14T09:41:16+00:00\",\"description\":\"Viajar en coche el\u00e9ctrico con remolque-tienda por Espa\u00f1a es posible. Te contamos nuestra experiencia desde Ecocamping Rural\",\"breadcrumb\":{\"@id\":\"https:\/\/www.ecocampingrural.com\/index.php\/2025\/09\/14\/viajar-coche-electrico-con-remolque-experiencia-real\/#breadcrumb\"},\"inLanguage\":\"es\",\"potentialAction\":[{\"@type\":\"ReadAction\",\"target\":[\"https:\/\/www.ecocampingrural.com\/index.php\/2025\/09\/14\/viajar-coche-electrico-con-remolque-experiencia-real\/\"]}]},{\"@type\":\"ImageObject\",\"inLanguage\":\"es\",\"@id\":\"https:\/\/www.ecocampingrural.com\/index.php\/2025\/09\/14\/viajar-coche-electrico-con-remolque-experiencia-real\/#primaryimage\",\"url\":\"https:\/\/www.ecocampingrural.com\/wp-content\/uploads\/2025\/09\/coche-electrico-y-carrotienda-scaled.jpg\",\"contentUrl\":\"https:\/\/www.ecocampingrural.com\/wp-content\/uploads\/2025\/09\/coche-electrico-y-carrotienda-scaled.jpg\",\"width\":2560,\"height\":1440},{\"@type\":\"BreadcrumbList\",\"@id\":\"https:\/\/www.ecocampingrural.com\/index.php\/2025\/09\/14\/viajar-coche-electrico-con-remolque-experiencia-real\/#breadcrumb\",\"itemListElement\":[{\"@type\":\"ListItem\",\"position\":1,\"name\":\"Portada\",\"item\":\"https:\/\/www.ecocampingrural.com\/\"},{\"@type\":\"ListItem\",\"position\":2,\"name\":\"Viajar en coche el\u00e9ctrico con remolque-tienda: experiencia real\"}]},{\"@type\":\"WebSite\",\"@id\":\"https:\/\/www.ecocampingrural.com\/#website\",\"url\":\"https:\/\/www.ecocampingrural.com\/\",\"name\":\"Ecocamping Rural Valle de La Fueva\",\"description\":\"Valle de La Fueva\",\"publisher\":{\"@id\":\"https:\/\/www.ecocampingrural.com\/#organization\"},\"potentialAction\":[{\"@type\":\"SearchAction\",\"target\":{\"@type\":\"EntryPoint\",\"urlTemplate\":\"https:\/\/www.ecocampingrural.com\/?s={search_term_string}\"},\"query-input\":{\"@type\":\"PropertyValueSpecification\",\"valueRequired\":true,\"valueName\":\"search_term_string\"}}],\"inLanguage\":\"es\"},{\"@type\":\"Organization\",\"@id\":\"https:\/\/www.ecocampingrural.com\/#organization\",\"name\":\"ECOCAMPING RURAL SC\",\"url\":\"https:\/\/www.ecocampingrural.com\/\",\"logo\":{\"@type\":\"ImageObject\",\"inLanguage\":\"es\",\"@id\":\"https:\/\/www.ecocampingrural.com\/#\/schema\/logo\/image\/\",\"url\":\"https:\/\/www.ecocampingrural.com\/wp-content\/uploads\/2021\/02\/LOGODEFVERDE.png\",\"contentUrl\":\"https:\/\/www.ecocampingrural.com\/wp-content\/uploads\/2021\/02\/LOGODEFVERDE.png\",\"width\":865,\"height\":579,\"caption\":\"ECOCAMPING RURAL SC\"},\"image\":{\"@id\":\"https:\/\/www.ecocampingrural.com\/#\/schema\/logo\/image\/\"},\"sameAs\":[\"https:\/\/www.facebook.com\/campinglafueva\",\"https:\/\/www.instagram.com\/ecocampingrural\/\"]},{\"@type\":\"Person\",\"@id\":\"https:\/\/www.ecocampingrural.com\/#\/schema\/person\/672b4c97857d8a1fc3fc8a7af38f40c3\",\"name\":\"ecocamping\",\"image\":{\"@type\":\"ImageObject\",\"inLanguage\":\"es\",\"@id\":\"https:\/\/www.ecocampingrural.com\/#\/schema\/person\/image\/\",\"url\":\"https:\/\/secure.gravatar.com\/avatar\/10dc49e0ad13fae4dcb4f35dca9fcdb9?s=96&d=mm&r=g\",\"contentUrl\":\"https:\/\/secure.gravatar.com\/avatar\/10dc49e0ad13fae4dcb4f35dca9fcdb9?s=96&d=mm&r=g\",\"caption\":\"ecocamping\"},\"sameAs\":[\"http:\/\/www.ecocampingrural.com\"]}]}<\/script>\n<!-- \/ Yoast SEO plugin. -->","yoast_head_json":{"title":"Viajar en coche el\u00e9ctrico con remolque-tienda: experiencia real - Ecocamping Rural","description":"Viajar en coche el\u00e9ctrico con remolque-tienda por Espa\u00f1a es posible. Te contamos nuestra experiencia desde Ecocamping Rural","robots":{"index":"index","follow":"follow","max-snippet":"max-snippet:-1","max-image-preview":"max-image-preview:large","max-video-preview":"max-video-preview:-1"},"canonical":"https:\/\/www.ecocampingrural.com\/index.php\/2025\/09\/14\/viajar-coche-electrico-con-remolque-experiencia-real\/","og_locale":"es_ES","og_type":"article","og_title":"Viajar en coche el\u00e9ctrico con remolque-tienda: experiencia real - Ecocamping Rural","og_description":"Viajar en coche el\u00e9ctrico con remolque-tienda por Espa\u00f1a es posible. Te contamos nuestra experiencia desde Ecocamping Rural","og_url":"https:\/\/www.ecocampingrural.com\/index.php\/2025\/09\/14\/viajar-coche-electrico-con-remolque-experiencia-real\/","og_site_name":"Ecocamping Rural","article_publisher":"https:\/\/www.facebook.com\/campinglafueva","article_published_time":"2025-09-14T09:40:49+00:00","article_modified_time":"2025-09-14T09:41:16+00:00","og_image":[{"width":2560,"height":1440,"url":"https:\/\/www.ecocampingrural.com\/wp-content\/uploads\/2025\/09\/coche-electrico-y-carrotienda-scaled.jpg","type":"image\/jpeg"}],"author":"ecocamping","twitter_card":"summary_large_image","twitter_misc":{"Escrito por":"ecocamping","Tiempo de lectura":"7 minutos"},"schema":{"@context":"https:\/\/schema.org","@graph":[{"@type":"Article","@id":"https:\/\/www.ecocampingrural.com\/index.php\/2025\/09\/14\/viajar-coche-electrico-con-remolque-experiencia-real\/#article","isPartOf":{"@id":"https:\/\/www.ecocampingrural.com\/index.php\/2025\/09\/14\/viajar-coche-electrico-con-remolque-experiencia-real\/"},"author":{"name":"ecocamping","@id":"https:\/\/www.ecocampingrural.com\/#\/schema\/person\/672b4c97857d8a1fc3fc8a7af38f40c3"},"headline":"Viajar en coche el\u00e9ctrico con remolque-tienda: experiencia real","datePublished":"2025-09-14T09:40:49+00:00","dateModified":"2025-09-14T09:41:16+00:00","mainEntityOfPage":{"@id":"https:\/\/www.ecocampingrural.com\/index.php\/2025\/09\/14\/viajar-coche-electrico-con-remolque-experiencia-real\/"},"wordCount":1502,"commentCount":0,"publisher":{"@id":"https:\/\/www.ecocampingrural.com\/#organization"},"image":{"@id":"https:\/\/www.ecocampingrural.com\/index.php\/2025\/09\/14\/viajar-coche-electrico-con-remolque-experiencia-real\/#primaryimage"},"thumbnailUrl":"https:\/\/www.ecocampingrural.com\/wp-content\/uploads\/2025\/09\/coche-electrico-y-carrotienda-scaled.jpg","inLanguage":"es","potentialAction":[{"@type":"CommentAction","name":"Comment","target":["https:\/\/www.ecocampingrural.com\/index.php\/2025\/09\/14\/viajar-coche-electrico-con-remolque-experiencia-real\/#respond"]}]},{"@type":"WebPage","@id":"https:\/\/www.ecocampingrural.com\/index.php\/2025\/09\/14\/viajar-coche-electrico-con-remolque-experiencia-real\/","url":"https:\/\/www.ecocampingrural.com\/index.php\/2025\/09\/14\/viajar-coche-electrico-con-remolque-experiencia-real\/","name":"Viajar en coche el\u00e9ctrico con remolque-tienda: experiencia real - Ecocamping Rural","isPartOf":{"@id":"https:\/\/www.ecocampingrural.com\/#website"},"primaryImageOfPage":{"@id":"https:\/\/www.ecocampingrural.com\/index.php\/2025\/09\/14\/viajar-coche-electrico-con-remolque-experiencia-real\/#primaryimage"},"image":{"@id":"https:\/\/www.ecocampingrural.com\/index.php\/2025\/09\/14\/viajar-coche-electrico-con-remolque-experiencia-real\/#primaryimage"},"thumbnailUrl":"https:\/\/www.ecocampingrural.com\/wp-content\/uploads\/2025\/09\/coche-electrico-y-carrotienda-scaled.jpg","datePublished":"2025-09-14T09:40:49+00:00","dateModified":"2025-09-14T09:41:16+00:00","description":"Viajar en coche el\u00e9ctrico con remolque-tienda por Espa\u00f1a es posible. Te contamos nuestra experiencia desde Ecocamping Rural","breadcrumb":{"@id":"https:\/\/www.ecocampingrural.com\/index.php\/2025\/09\/14\/viajar-coche-electrico-con-remolque-experiencia-real\/#breadcrumb"},"inLanguage":"es","potentialAction":[{"@type":"ReadAction","target":["https:\/\/www.ecocampingrural.com\/index.php\/2025\/09\/14\/viajar-coche-electrico-con-remolque-experiencia-real\/"]}]},{"@type":"ImageObject","inLanguage":"es","@id":"https:\/\/www.ecocampingrural.com\/index.php\/2025\/09\/14\/viajar-coche-electrico-con-remolque-experiencia-real\/#primaryimage","url":"https:\/\/www.ecocampingrural.com\/wp-content\/uploads\/2025\/09\/coche-electrico-y-carrotienda-scaled.jpg","contentUrl":"https:\/\/www.ecocampingrural.com\/wp-content\/uploads\/2025\/09\/coche-electrico-y-carrotienda-scaled.jpg","width":2560,"height":1440},{"@type":"BreadcrumbList","@id":"https:\/\/www.ecocampingrural.com\/index.php\/2025\/09\/14\/viajar-coche-electrico-con-remolque-experiencia-real\/#breadcrumb","itemListElement":[{"@type":"ListItem","position":1,"name":"Portada","item":"https:\/\/www.ecocampingrural.com\/"},{"@type":"ListItem","position":2,"name":"Viajar en coche el\u00e9ctrico con remolque-tienda: experiencia real"}]},{"@type":"WebSite","@id":"https:\/\/www.ecocampingrural.com\/#website","url":"https:\/\/www.ecocampingrural.com\/","name":"Ecocamping Rural Valle de La Fueva","description":"Valle de La Fueva","publisher":{"@id":"https:\/\/www.ecocampingrural.com\/#organization"},"potentialAction":[{"@type":"SearchAction","target":{"@type":"EntryPoint","urlTemplate":"https:\/\/www.ecocampingrural.com\/?s={search_term_string}"},"query-input":{"@type":"PropertyValueSpecification","valueRequired":true,"valueName":"search_term_string"}}],"inLanguage":"es"},{"@type":"Organization","@id":"https:\/\/www.ecocampingrural.com\/#organization","name":"ECOCAMPING RURAL SC","url":"https:\/\/www.ecocampingrural.com\/","logo":{"@type":"ImageObject","inLanguage":"es","@id":"https:\/\/www.ecocampingrural.com\/#\/schema\/logo\/image\/","url":"https:\/\/www.ecocampingrural.com\/wp-content\/uploads\/2021\/02\/LOGODEFVERDE.png","contentUrl":"https:\/\/www.ecocampingrural.com\/wp-content\/uploads\/2021\/02\/LOGODEFVERDE.png","width":865,"height":579,"caption":"ECOCAMPING RURAL SC"},"image":{"@id":"https:\/\/www.ecocampingrural.com\/#\/schema\/logo\/image\/"},"sameAs":["https:\/\/www.facebook.com\/campinglafueva","https:\/\/www.instagram.com\/ecocampingrural\/"]},{"@type":"Person","@id":"https:\/\/www.ecocampingrural.com\/#\/schema\/person\/672b4c97857d8a1fc3fc8a7af38f40c3","name":"ecocamping","image":{"@type":"ImageObject","inLanguage":"es","@id":"https:\/\/www.ecocampingrural.com\/#\/schema\/person\/image\/","url":"https:\/\/secure.gravatar.com\/avatar\/10dc49e0ad13fae4dcb4f35dca9fcdb9?s=96&d=mm&r=g","contentUrl":"https:\/\/secure.gravatar.com\/avatar\/10dc49e0ad13fae4dcb4f35dca9fcdb9?s=96&d=mm&r=g","caption":"ecocamping"},"sameAs":["http:\/\/www.ecocampingrural.com"]}]}},"_links":{"self":[{"href":"https:\/\/www.ecocampingrural.com\/index.php\/wp-json\/wp\/v2\/posts\/2329","targetHints":{"allow":["GET"]}}],"collection":[{"href":"https:\/\/www.ecocampingrural.com\/index.php\/wp-json\/wp\/v2\/posts"}],"about":[{"href":"https:\/\/www.ecocampingrural.com\/index.php\/wp-json\/wp\/v2\/types\/post"}],"author":[{"embeddable":true,"href":"https:\/\/www.ecocampingrural.com\/index.php\/wp-json\/wp\/v2\/users\/1"}],"replies":[{"embeddable":true,"href":"https:\/\/www.ecocampingrural.com\/index.php\/wp-json\/wp\/v2\/comments?post=2329"}],"version-history":[{"count":1,"href":"https:\/\/www.ecocampingrural.com\/index.php\/wp-json\/wp\/v2\/posts\/2329\/revisions"}],"predecessor-version":[{"id":2332,"href":"https:\/\/www.ecocampingrural.com\/index.php\/wp-json\/wp\/v2\/posts\/2329\/revisions\/2332"}],"wp:featuredmedia":[{"embeddable":true,"href":"https:\/\/www.ecocampingrural.com\/index.php\/wp-json\/wp\/v2\/media\/2330"}],"wp:attachment":[{"href":"https:\/\/www.ecocampingrural.com\/index.php\/wp-json\/wp\/v2\/media?parent=2329"}],"wp:term":[{"taxonomy":"category","embeddable":true,"href":"https:\/\/www.ecocampingrural.com\/index.php\/wp-json\/wp\/v2\/categories?post=2329"},{"taxonomy":"post_tag","embeddable":true,"href":"https:\/\/www.ecocampingrural.com\/index.php\/wp-json\/wp\/v2\/tags?post=2329"}],"curies":[{"name":"wp","href":"https:\/\/api.w.org\/{rel}","templated":true}]}}