{"id":557,"date":"2021-12-24T12:37:51","date_gmt":"2021-12-24T12:37:51","guid":{"rendered":"https:\/\/www.ecocampingrural.com\/?p=557"},"modified":"2021-12-24T12:37:52","modified_gmt":"2021-12-24T12:37:52","slug":"la-fueva-cuenta-primer-camping","status":"publish","type":"post","link":"https:\/\/www.ecocampingrural.com\/index.php\/2021\/12\/24\/la-fueva-cuenta-primer-camping\/","title":{"rendered":"La Fueva ya cuenta con su primer camping"},"content":{"rendered":"\n<section class=\"wp-block-themeisle-blocks-advanced-columns alignfull has-2-columns has-desktop-equal-layout has-tablet-equal-layout has-mobile-collapsedRows-layout has-nogap-gap has-vertical-center\" id=\"wp-block-themeisle-blocks-advanced-columns-debe9c02\"><div class=\"wp-block-themeisle-blocks-advanced-columns-overlay\"><\/div><div class=\"innerblocks-wrap\">\n<div class=\"wp-block-themeisle-blocks-advanced-column\" id=\"wp-block-themeisle-blocks-advanced-column-1cf06e66\">\n<div id=\"wp-block-themeisle-blocks-advanced-heading-02bd25d9\" class=\"wp-block-themeisle-blocks-advanced-heading wp-block-themeisle-blocks-advanced-heading-02bd25d9\"><strong>radio huesca &#8211; cadena ser<\/strong><\/div>\n\n\n\n<h2 id=\"wp-block-themeisle-blocks-advanced-heading-b7196eeb\" class=\"wp-block-themeisle-blocks-advanced-heading wp-block-themeisle-blocks-advanced-heading-b7196eeb\">El Valle de la Fueva ya cuenta con su primer camping<\/h2>\n\n\n\n<div style=\"height:20px\" aria-hidden=\"true\" class=\"wp-block-spacer\"><\/div>\n\n\n\n<p class=\"has-text-align-left\">Casi nueve meses despu\u00e9s daban por finalizadas las obras del proyecto, catalogado como de inter\u00e9s social por el propio municipio.<\/p>\n\n\n\n<div class=\"wp-block-buttons is-layout-flex wp-block-buttons-is-layout-flex\">\n<div class=\"wp-block-button is-style-primary\"><a class=\"wp-block-button__link\" href=\"https:\/\/www.radiohuesca.com\/comarcas\/el-valle-de-la-fueva-ya-cuenta-con-su-primer-camping-24122021-162638.html\" target=\"_blank\" rel=\"noreferrer noopener\">Leer noticia completa<\/a><\/div>\n<\/div>\n<\/div>\n\n\n\n<div class=\"wp-block-themeisle-blocks-advanced-column\" id=\"wp-block-themeisle-blocks-advanced-column-11e58f7d\">\n<figure class=\"wp-block-image size-large\"><img decoding=\"async\" width=\"662\" height=\"1024\" src=\"https:\/\/www.ecocampingrural.com\/wp-content\/uploads\/2021\/12\/cadena-ser-nuevo-camping-pirineo-662x1024.jpg\" alt=\"camping-pirineo-noticias-la-fueva\" class=\"wp-image-558\" srcset=\"https:\/\/www.ecocampingrural.com\/wp-content\/uploads\/2021\/12\/cadena-ser-nuevo-camping-pirineo-662x1024.jpg 662w, https:\/\/www.ecocampingrural.com\/wp-content\/uploads\/2021\/12\/cadena-ser-nuevo-camping-pirineo-194x300.jpg 194w, https:\/\/www.ecocampingrural.com\/wp-content\/uploads\/2021\/12\/cadena-ser-nuevo-camping-pirineo-768x1187.jpg 768w, https:\/\/www.ecocampingrural.com\/wp-content\/uploads\/2021\/12\/cadena-ser-nuevo-camping-pirineo-994x1536.jpg 994w, https:\/\/www.ecocampingrural.com\/wp-content\/uploads\/2021\/12\/cadena-ser-nuevo-camping-pirineo.jpg 1242w\" sizes=\"(max-width: 662px) 100vw, 662px\" \/><figcaption>Captura noticia en radioHUESCA.com<\/figcaption><\/figure>\n<\/div>\n<\/div><\/section>\n\n\n\n<section class=\"wp-block-themeisle-blocks-advanced-columns alignfull has-1-columns has-desktop-equal-layout has-tablet-equal-layout has-mobile-equal-layout has-nogap-gap has-vertical-flex-start\" id=\"wp-block-themeisle-blocks-advanced-columns-62aa51fe\"><div class=\"wp-block-themeisle-blocks-advanced-columns-overlay\"><\/div><div class=\"innerblocks-wrap\">\n<div class=\"wp-block-themeisle-blocks-advanced-column\" id=\"wp-block-themeisle-blocks-advanced-column-f169ec21\">\n<div id=\"wp-block-themeisle-blocks-advanced-heading-841ad91e\" class=\"wp-block-themeisle-blocks-advanced-heading wp-block-themeisle-blocks-advanced-heading-841ad91e\"><strong>amanda compa\u00f1et<\/strong><\/div>\n\n\n\n<h2 class=\"has-text-align-center has-neve-link-hover-color-color has-text-color wp-block-heading\">radioHUESCA.com<\/h2>\n\n\n\n<hr class=\"wp-block-separator has-text-color has-background has-white-background-color has-white-color\"\/>\n\n\n\n<div class=\"wp-block-columns is-layout-flex wp-container-core-columns-is-layout-1 wp-block-columns-is-layout-flex\">\n<div class=\"wp-block-column is-layout-flow wp-block-column-is-layout-flow\">\n<p class=\"has-nv-site-bg-color has-text-color\" id=\"p162638-m86-85-87\">El pasado viernes 26 de noviembre abr\u00eda sus puertas <strong>Ecocamping Rural Valle de La Fueva<\/strong>, el primer establecimiento de estas caracter\u00edsticas en el municipio altoaragon\u00e9s que permitir\u00e1 acoger a un tipo de turismo cada vez m\u00e1s en auge. Las instalaciones\u00a0se encuentran en Alueza, una peque\u00f1a aldea del valle de 10 habitantes.<\/p>\n\n\n\n<p class=\"has-nv-site-bg-color has-text-color\" id=\"p162638-m91-1-92\">Sus promotores, Alba y Carlos, un matrimonio joven de 35 a\u00f1os, conjunto con Lizer y Zoe, sus dos hijos de 6 y 3 a\u00f1os, daban el paso de crear un peque\u00f1o camping familiar, de car\u00e1cter sostenible y rural, comenzando las obras a principios de este a\u00f1o.<\/p>\n\n\n\n<p class=\"has-nv-site-bg-color has-text-color\">Casi nueve meses despu\u00e9s daban por finalizadas las obras del proyecto, catalogado como de inter\u00e9s social por el propio municipio y que dado su car\u00e1cter innovador en el mismo y en la propia Comarca, se encuentra cofinanciado con fondos LEADER, a trav\u00e9s de las ayudas gestionadas por el Centro de Desarrollo de Sobrarbe y Ribagorza (CEDESOR).<\/p>\n<\/div>\n\n\n\n<div class=\"wp-block-column is-layout-flow wp-block-column-is-layout-flow\">\n<p class=\"has-nv-site-bg-color has-text-color\" id=\"p162638-m96-2-97\">Un peque\u00f1o camping de 35 parcelas grandes con electricidad, una piscina y barbacoa, con un colorido y luminoso bar especializado en <strong>productos Km0<\/strong> de las <strong>Comarcas de Sobrarbe, Ribagorza y Somontano<\/strong> y un <strong>\u00e1rea exterior de pernocta y servicios para autocaravanas<\/strong> que permitir\u00e1 consolidar y mejorar la oferta tur\u00edstica del propio municipio.<\/p>\n\n\n\n<p class=\"has-nv-site-bg-color has-text-color\" id=\"p162638-m106-4-107\">El prefijo \u201ceco\u201d, <strong>primero de estas caracter\u00edsticas en la Comarca de Sobrarbe<\/strong>, refiere al car\u00e1cter con el que propio camping fue dise\u00f1ado, con una construcci\u00f3n de tipo <em>passivhaus<\/em>, apostando por las <strong>energ\u00edas renovables<\/strong> con la instalaci\u00f3n de un peque\u00f1o huerto solar para reducir la huella de carbono y cubrir as\u00ed la mayor parte de sus necesidades energ\u00e9ticas, con paneles para calentar el agua de las duchas, as\u00ed como una caldera de pellets para la calefacci\u00f3n.<\/p>\n\n\n\n<p class=\"has-nv-site-bg-color has-text-color\" id=\"p162638-m111-5-112\">Casi un mes despu\u00e9s de la apertura, con la mayor parte de los campings cerrados por temporada, afrontan el nuevo a\u00f1o con ilusi\u00f3n y con ganas de dar a conocer un valle lleno de atractivos capaces de sorprender y, por su proximidad a los principales puntos de inter\u00e9s tur\u00edstico del <strong>Pirineo Aragon\u00e9s<\/strong>, un lugar especialmente estrat\u00e9gico para poder hacerlo.<\/p>\n<\/div>\n<\/div>\n<\/div>\n<\/div><\/section>\n","protected":false},"excerpt":{"rendered":"","protected":false},"author":1,"featured_media":559,"comment_status":"open","ping_status":"open","sticky":false,"template":"","format":"standard","meta":{"_uf_show_specific_survey":0,"_uf_disable_surveys":false,"neve_meta_sidebar":"","neve_meta_container":"","neve_meta_enable_content_width":"","neve_meta_content_width":0,"neve_meta_title_alignment":"","neve_meta_author_avatar":"","neve_post_elements_order":"","neve_meta_disable_header":"","neve_meta_disable_footer":"","neve_meta_disable_title":"","_themeisle_gutenberg_block_has_review":false,"footnotes":""},"categories":[5,6],"tags":[49,11,48,50],"class_list":["post-557","post","type-post","status-publish","format-standard","has-post-thumbnail","hentry","category-en-prensa","category-noticias","tag-camping-en-el-pirineo-aragones","tag-ecocamping-rural-valle-de-la-fueva","tag-nuevo-camping","tag-primer-ecocamping-en-el-pirineo"],"yoast_head":"<!-- This site is optimized with the Yoast SEO plugin v25.6 - https:\/\/yoast.com\/wordpress\/plugins\/seo\/ -->\n<title>La Fueva ya cuenta con su primer camping - Ecocamping Rural<\/title>\n<meta name=\"description\" content=\"Cadena Ser - Radio Huesca - el Valle de La Fueva ya cuenta con su primer camping, ecocamping rural en el Pirineo Aragon\u00e9s\" \/>\n<meta name=\"robots\" content=\"index, follow, max-snippet:-1, max-image-preview:large, max-video-preview:-1\" \/>\n<link rel=\"canonical\" href=\"https:\/\/www.ecocampingrural.com\/index.php\/2021\/12\/24\/la-fueva-cuenta-primer-camping\/\" \/>\n<meta property=\"og:locale\" content=\"es_ES\" \/>\n<meta property=\"og:type\" content=\"article\" \/>\n<meta property=\"og:title\" content=\"La Fueva ya cuenta con su primer camping - Ecocamping Rural\" \/>\n<meta property=\"og:description\" content=\"Cadena Ser - Radio Huesca - el Valle de La Fueva ya cuenta con su primer camping, ecocamping rural en el Pirineo Aragon\u00e9s\" \/>\n<meta property=\"og:url\" content=\"https:\/\/www.ecocampingrural.com\/index.php\/2021\/12\/24\/la-fueva-cuenta-primer-camping\/\" \/>\n<meta property=\"og:site_name\" content=\"Ecocamping Rural\" \/>\n<meta property=\"article:publisher\" content=\"https:\/\/www.facebook.com\/campinglafueva\" \/>\n<meta property=\"article:published_time\" content=\"2021-12-24T12:37:51+00:00\" \/>\n<meta property=\"article:modified_time\" content=\"2021-12-24T12:37:52+00:00\" \/>\n<meta property=\"og:image\" content=\"https:\/\/i0.wp.com\/www.ecocampingrural.com\/wp-content\/uploads\/2021\/12\/cadena-ser-nuevo-camping-pirineo-2-e1640348799737.jpg?fit=1242%2C1094&ssl=1\" \/>\n\t<meta property=\"og:image:width\" content=\"1242\" \/>\n\t<meta property=\"og:image:height\" content=\"1094\" \/>\n\t<meta property=\"og:image:type\" content=\"image\/jpeg\" \/>\n<meta name=\"author\" content=\"ecocamping\" \/>\n<meta name=\"twitter:card\" content=\"summary_large_image\" \/>\n<meta name=\"twitter:label1\" content=\"Escrito por\" \/>\n\t<meta name=\"twitter:data1\" content=\"ecocamping\" \/>\n\t<meta name=\"twitter:label2\" content=\"Tiempo de lectura\" \/>\n\t<meta name=\"twitter:data2\" content=\"2 minutos\" \/>\n<script type=\"application\/ld+json\" class=\"yoast-schema-graph\">{\"@context\":\"https:\/\/schema.org\",\"@graph\":[{\"@type\":\"Article\",\"@id\":\"https:\/\/www.ecocampingrural.com\/index.php\/2021\/12\/24\/la-fueva-cuenta-primer-camping\/#article\",\"isPartOf\":{\"@id\":\"https:\/\/www.ecocampingrural.com\/index.php\/2021\/12\/24\/la-fueva-cuenta-primer-camping\/\"},\"author\":{\"name\":\"ecocamping\",\"@id\":\"https:\/\/www.ecocampingrural.com\/#\/schema\/person\/672b4c97857d8a1fc3fc8a7af38f40c3\"},\"headline\":\"La Fueva ya cuenta con su primer camping\",\"datePublished\":\"2021-12-24T12:37:51+00:00\",\"dateModified\":\"2021-12-24T12:37:52+00:00\",\"mainEntityOfPage\":{\"@id\":\"https:\/\/www.ecocampingrural.com\/index.php\/2021\/12\/24\/la-fueva-cuenta-primer-camping\/\"},\"wordCount\":425,\"commentCount\":0,\"publisher\":{\"@id\":\"https:\/\/www.ecocampingrural.com\/#organization\"},\"image\":{\"@id\":\"https:\/\/www.ecocampingrural.com\/index.php\/2021\/12\/24\/la-fueva-cuenta-primer-camping\/#primaryimage\"},\"thumbnailUrl\":\"https:\/\/www.ecocampingrural.com\/wp-content\/uploads\/2021\/12\/cadena-ser-nuevo-camping-pirineo-2-e1640348799737.jpg\",\"keywords\":[\"camping en el pirineo aragon\u00e9s\",\"Ecocamping Rural Valle de La Fueva\",\"nuevo camping\",\"primer ecocamping en el pirineo\"],\"articleSection\":[\"En Prensa\",\"Noticias\"],\"inLanguage\":\"es\",\"potentialAction\":[{\"@type\":\"CommentAction\",\"name\":\"Comment\",\"target\":[\"https:\/\/www.ecocampingrural.com\/index.php\/2021\/12\/24\/la-fueva-cuenta-primer-camping\/#respond\"]}]},{\"@type\":\"WebPage\",\"@id\":\"https:\/\/www.ecocampingrural.com\/index.php\/2021\/12\/24\/la-fueva-cuenta-primer-camping\/\",\"url\":\"https:\/\/www.ecocampingrural.com\/index.php\/2021\/12\/24\/la-fueva-cuenta-primer-camping\/\",\"name\":\"La Fueva ya cuenta con su primer camping - Ecocamping Rural\",\"isPartOf\":{\"@id\":\"https:\/\/www.ecocampingrural.com\/#website\"},\"primaryImageOfPage\":{\"@id\":\"https:\/\/www.ecocampingrural.com\/index.php\/2021\/12\/24\/la-fueva-cuenta-primer-camping\/#primaryimage\"},\"image\":{\"@id\":\"https:\/\/www.ecocampingrural.com\/index.php\/2021\/12\/24\/la-fueva-cuenta-primer-camping\/#primaryimage\"},\"thumbnailUrl\":\"https:\/\/www.ecocampingrural.com\/wp-content\/uploads\/2021\/12\/cadena-ser-nuevo-camping-pirineo-2-e1640348799737.jpg\",\"datePublished\":\"2021-12-24T12:37:51+00:00\",\"dateModified\":\"2021-12-24T12:37:52+00:00\",\"description\":\"Cadena Ser - Radio Huesca - el Valle de La Fueva ya cuenta con su primer camping, ecocamping rural en el Pirineo Aragon\u00e9s\",\"breadcrumb\":{\"@id\":\"https:\/\/www.ecocampingrural.com\/index.php\/2021\/12\/24\/la-fueva-cuenta-primer-camping\/#breadcrumb\"},\"inLanguage\":\"es\",\"potentialAction\":[{\"@type\":\"ReadAction\",\"target\":[\"https:\/\/www.ecocampingrural.com\/index.php\/2021\/12\/24\/la-fueva-cuenta-primer-camping\/\"]}]},{\"@type\":\"ImageObject\",\"inLanguage\":\"es\",\"@id\":\"https:\/\/www.ecocampingrural.com\/index.php\/2021\/12\/24\/la-fueva-cuenta-primer-camping\/#primaryimage\",\"url\":\"https:\/\/www.ecocampingrural.com\/wp-content\/uploads\/2021\/12\/cadena-ser-nuevo-camping-pirineo-2-e1640348799737.jpg\",\"contentUrl\":\"https:\/\/www.ecocampingrural.com\/wp-content\/uploads\/2021\/12\/cadena-ser-nuevo-camping-pirineo-2-e1640348799737.jpg\",\"width\":1242,\"height\":1094},{\"@type\":\"BreadcrumbList\",\"@id\":\"https:\/\/www.ecocampingrural.com\/index.php\/2021\/12\/24\/la-fueva-cuenta-primer-camping\/#breadcrumb\",\"itemListElement\":[{\"@type\":\"ListItem\",\"position\":1,\"name\":\"Portada\",\"item\":\"https:\/\/www.ecocampingrural.com\/\"},{\"@type\":\"ListItem\",\"position\":2,\"name\":\"La Fueva ya cuenta con su primer camping\"}]},{\"@type\":\"WebSite\",\"@id\":\"https:\/\/www.ecocampingrural.com\/#website\",\"url\":\"https:\/\/www.ecocampingrural.com\/\",\"name\":\"Ecocamping Rural Valle de La Fueva\",\"description\":\"Valle de La Fueva\",\"publisher\":{\"@id\":\"https:\/\/www.ecocampingrural.com\/#organization\"},\"potentialAction\":[{\"@type\":\"SearchAction\",\"target\":{\"@type\":\"EntryPoint\",\"urlTemplate\":\"https:\/\/www.ecocampingrural.com\/?s={search_term_string}\"},\"query-input\":{\"@type\":\"PropertyValueSpecification\",\"valueRequired\":true,\"valueName\":\"search_term_string\"}}],\"inLanguage\":\"es\"},{\"@type\":\"Organization\",\"@id\":\"https:\/\/www.ecocampingrural.com\/#organization\",\"name\":\"ECOCAMPING RURAL SC\",\"url\":\"https:\/\/www.ecocampingrural.com\/\",\"logo\":{\"@type\":\"ImageObject\",\"inLanguage\":\"es\",\"@id\":\"https:\/\/www.ecocampingrural.com\/#\/schema\/logo\/image\/\",\"url\":\"https:\/\/www.ecocampingrural.com\/wp-content\/uploads\/2021\/02\/LOGODEFVERDE.png\",\"contentUrl\":\"https:\/\/www.ecocampingrural.com\/wp-content\/uploads\/2021\/02\/LOGODEFVERDE.png\",\"width\":865,\"height\":579,\"caption\":\"ECOCAMPING RURAL SC\"},\"image\":{\"@id\":\"https:\/\/www.ecocampingrural.com\/#\/schema\/logo\/image\/\"},\"sameAs\":[\"https:\/\/www.facebook.com\/campinglafueva\",\"https:\/\/www.instagram.com\/ecocampingrural\/\"]},{\"@type\":\"Person\",\"@id\":\"https:\/\/www.ecocampingrural.com\/#\/schema\/person\/672b4c97857d8a1fc3fc8a7af38f40c3\",\"name\":\"ecocamping\",\"image\":{\"@type\":\"ImageObject\",\"inLanguage\":\"es\",\"@id\":\"https:\/\/www.ecocampingrural.com\/#\/schema\/person\/image\/\",\"url\":\"https:\/\/secure.gravatar.com\/avatar\/10dc49e0ad13fae4dcb4f35dca9fcdb9?s=96&d=mm&r=g\",\"contentUrl\":\"https:\/\/secure.gravatar.com\/avatar\/10dc49e0ad13fae4dcb4f35dca9fcdb9?s=96&d=mm&r=g\",\"caption\":\"ecocamping\"},\"sameAs\":[\"http:\/\/www.ecocampingrural.com\"]}]}<\/script>\n<!-- \/ Yoast SEO plugin. -->","yoast_head_json":{"title":"La Fueva ya cuenta con su primer camping - Ecocamping Rural","description":"Cadena Ser - Radio Huesca - el Valle de La Fueva ya cuenta con su primer camping, ecocamping rural en el Pirineo Aragon\u00e9s","robots":{"index":"index","follow":"follow","max-snippet":"max-snippet:-1","max-image-preview":"max-image-preview:large","max-video-preview":"max-video-preview:-1"},"canonical":"https:\/\/www.ecocampingrural.com\/index.php\/2021\/12\/24\/la-fueva-cuenta-primer-camping\/","og_locale":"es_ES","og_type":"article","og_title":"La Fueva ya cuenta con su primer camping - Ecocamping Rural","og_description":"Cadena Ser - Radio Huesca - el Valle de La Fueva ya cuenta con su primer camping, ecocamping rural en el Pirineo Aragon\u00e9s","og_url":"https:\/\/www.ecocampingrural.com\/index.php\/2021\/12\/24\/la-fueva-cuenta-primer-camping\/","og_site_name":"Ecocamping Rural","article_publisher":"https:\/\/www.facebook.com\/campinglafueva","article_published_time":"2021-12-24T12:37:51+00:00","article_modified_time":"2021-12-24T12:37:52+00:00","og_image":[{"width":1242,"height":1094,"url":"https:\/\/i0.wp.com\/www.ecocampingrural.com\/wp-content\/uploads\/2021\/12\/cadena-ser-nuevo-camping-pirineo-2-e1640348799737.jpg?fit=1242%2C1094&ssl=1","type":"image\/jpeg"}],"author":"ecocamping","twitter_card":"summary_large_image","twitter_misc":{"Escrito por":"ecocamping","Tiempo de lectura":"2 minutos"},"schema":{"@context":"https:\/\/schema.org","@graph":[{"@type":"Article","@id":"https:\/\/www.ecocampingrural.com\/index.php\/2021\/12\/24\/la-fueva-cuenta-primer-camping\/#article","isPartOf":{"@id":"https:\/\/www.ecocampingrural.com\/index.php\/2021\/12\/24\/la-fueva-cuenta-primer-camping\/"},"author":{"name":"ecocamping","@id":"https:\/\/www.ecocampingrural.com\/#\/schema\/person\/672b4c97857d8a1fc3fc8a7af38f40c3"},"headline":"La Fueva ya cuenta con su primer camping","datePublished":"2021-12-24T12:37:51+00:00","dateModified":"2021-12-24T12:37:52+00:00","mainEntityOfPage":{"@id":"https:\/\/www.ecocampingrural.com\/index.php\/2021\/12\/24\/la-fueva-cuenta-primer-camping\/"},"wordCount":425,"commentCount":0,"publisher":{"@id":"https:\/\/www.ecocampingrural.com\/#organization"},"image":{"@id":"https:\/\/www.ecocampingrural.com\/index.php\/2021\/12\/24\/la-fueva-cuenta-primer-camping\/#primaryimage"},"thumbnailUrl":"https:\/\/www.ecocampingrural.com\/wp-content\/uploads\/2021\/12\/cadena-ser-nuevo-camping-pirineo-2-e1640348799737.jpg","keywords":["camping en el pirineo aragon\u00e9s","Ecocamping Rural Valle de La Fueva","nuevo camping","primer ecocamping en el pirineo"],"articleSection":["En Prensa","Noticias"],"inLanguage":"es","potentialAction":[{"@type":"CommentAction","name":"Comment","target":["https:\/\/www.ecocampingrural.com\/index.php\/2021\/12\/24\/la-fueva-cuenta-primer-camping\/#respond"]}]},{"@type":"WebPage","@id":"https:\/\/www.ecocampingrural.com\/index.php\/2021\/12\/24\/la-fueva-cuenta-primer-camping\/","url":"https:\/\/www.ecocampingrural.com\/index.php\/2021\/12\/24\/la-fueva-cuenta-primer-camping\/","name":"La Fueva ya cuenta con su primer camping - Ecocamping Rural","isPartOf":{"@id":"https:\/\/www.ecocampingrural.com\/#website"},"primaryImageOfPage":{"@id":"https:\/\/www.ecocampingrural.com\/index.php\/2021\/12\/24\/la-fueva-cuenta-primer-camping\/#primaryimage"},"image":{"@id":"https:\/\/www.ecocampingrural.com\/index.php\/2021\/12\/24\/la-fueva-cuenta-primer-camping\/#primaryimage"},"thumbnailUrl":"https:\/\/www.ecocampingrural.com\/wp-content\/uploads\/2021\/12\/cadena-ser-nuevo-camping-pirineo-2-e1640348799737.jpg","datePublished":"2021-12-24T12:37:51+00:00","dateModified":"2021-12-24T12:37:52+00:00","description":"Cadena Ser - Radio Huesca - el Valle de La Fueva ya cuenta con su primer camping, ecocamping rural en el Pirineo Aragon\u00e9s","breadcrumb":{"@id":"https:\/\/www.ecocampingrural.com\/index.php\/2021\/12\/24\/la-fueva-cuenta-primer-camping\/#breadcrumb"},"inLanguage":"es","potentialAction":[{"@type":"ReadAction","target":["https:\/\/www.ecocampingrural.com\/index.php\/2021\/12\/24\/la-fueva-cuenta-primer-camping\/"]}]},{"@type":"ImageObject","inLanguage":"es","@id":"https:\/\/www.ecocampingrural.com\/index.php\/2021\/12\/24\/la-fueva-cuenta-primer-camping\/#primaryimage","url":"https:\/\/www.ecocampingrural.com\/wp-content\/uploads\/2021\/12\/cadena-ser-nuevo-camping-pirineo-2-e1640348799737.jpg","contentUrl":"https:\/\/www.ecocampingrural.com\/wp-content\/uploads\/2021\/12\/cadena-ser-nuevo-camping-pirineo-2-e1640348799737.jpg","width":1242,"height":1094},{"@type":"BreadcrumbList","@id":"https:\/\/www.ecocampingrural.com\/index.php\/2021\/12\/24\/la-fueva-cuenta-primer-camping\/#breadcrumb","itemListElement":[{"@type":"ListItem","position":1,"name":"Portada","item":"https:\/\/www.ecocampingrural.com\/"},{"@type":"ListItem","position":2,"name":"La Fueva ya cuenta con su primer camping"}]},{"@type":"WebSite","@id":"https:\/\/www.ecocampingrural.com\/#website","url":"https:\/\/www.ecocampingrural.com\/","name":"Ecocamping Rural Valle de La Fueva","description":"Valle de La Fueva","publisher":{"@id":"https:\/\/www.ecocampingrural.com\/#organization"},"potentialAction":[{"@type":"SearchAction","target":{"@type":"EntryPoint","urlTemplate":"https:\/\/www.ecocampingrural.com\/?s={search_term_string}"},"query-input":{"@type":"PropertyValueSpecification","valueRequired":true,"valueName":"search_term_string"}}],"inLanguage":"es"},{"@type":"Organization","@id":"https:\/\/www.ecocampingrural.com\/#organization","name":"ECOCAMPING RURAL SC","url":"https:\/\/www.ecocampingrural.com\/","logo":{"@type":"ImageObject","inLanguage":"es","@id":"https:\/\/www.ecocampingrural.com\/#\/schema\/logo\/image\/","url":"https:\/\/www.ecocampingrural.com\/wp-content\/uploads\/2021\/02\/LOGODEFVERDE.png","contentUrl":"https:\/\/www.ecocampingrural.com\/wp-content\/uploads\/2021\/02\/LOGODEFVERDE.png","width":865,"height":579,"caption":"ECOCAMPING RURAL SC"},"image":{"@id":"https:\/\/www.ecocampingrural.com\/#\/schema\/logo\/image\/"},"sameAs":["https:\/\/www.facebook.com\/campinglafueva","https:\/\/www.instagram.com\/ecocampingrural\/"]},{"@type":"Person","@id":"https:\/\/www.ecocampingrural.com\/#\/schema\/person\/672b4c97857d8a1fc3fc8a7af38f40c3","name":"ecocamping","image":{"@type":"ImageObject","inLanguage":"es","@id":"https:\/\/www.ecocampingrural.com\/#\/schema\/person\/image\/","url":"https:\/\/secure.gravatar.com\/avatar\/10dc49e0ad13fae4dcb4f35dca9fcdb9?s=96&d=mm&r=g","contentUrl":"https:\/\/secure.gravatar.com\/avatar\/10dc49e0ad13fae4dcb4f35dca9fcdb9?s=96&d=mm&r=g","caption":"ecocamping"},"sameAs":["http:\/\/www.ecocampingrural.com"]}]}},"_links":{"self":[{"href":"https:\/\/www.ecocampingrural.com\/index.php\/wp-json\/wp\/v2\/posts\/557","targetHints":{"allow":["GET"]}}],"collection":[{"href":"https:\/\/www.ecocampingrural.com\/index.php\/wp-json\/wp\/v2\/posts"}],"about":[{"href":"https:\/\/www.ecocampingrural.com\/index.php\/wp-json\/wp\/v2\/types\/post"}],"author":[{"embeddable":true,"href":"https:\/\/www.ecocampingrural.com\/index.php\/wp-json\/wp\/v2\/users\/1"}],"replies":[{"embeddable":true,"href":"https:\/\/www.ecocampingrural.com\/index.php\/wp-json\/wp\/v2\/comments?post=557"}],"version-history":[{"count":0,"href":"https:\/\/www.ecocampingrural.com\/index.php\/wp-json\/wp\/v2\/posts\/557\/revisions"}],"wp:featuredmedia":[{"embeddable":true,"href":"https:\/\/www.ecocampingrural.com\/index.php\/wp-json\/wp\/v2\/media\/559"}],"wp:attachment":[{"href":"https:\/\/www.ecocampingrural.com\/index.php\/wp-json\/wp\/v2\/media?parent=557"}],"wp:term":[{"taxonomy":"category","embeddable":true,"href":"https:\/\/www.ecocampingrural.com\/index.php\/wp-json\/wp\/v2\/categories?post=557"},{"taxonomy":"post_tag","embeddable":true,"href":"https:\/\/www.ecocampingrural.com\/index.php\/wp-json\/wp\/v2\/tags?post=557"}],"curies":[{"name":"wp","href":"https:\/\/api.w.org\/{rel}","templated":true}]}}