{"id":563,"date":"2021-12-29T16:21:52","date_gmt":"2021-12-29T16:21:52","guid":{"rendered":"https:\/\/www.ecocampingrural.com\/?p=563"},"modified":"2021-12-29T16:21:53","modified_gmt":"2021-12-29T16:21:53","slug":"comprar-entradas-para-balnea","status":"publish","type":"post","link":"https:\/\/www.ecocampingrural.com\/index.php\/2021\/12\/29\/comprar-entradas-para-balnea\/","title":{"rendered":"Comprar entradas para Balnea"},"content":{"rendered":"\n<section class=\"wp-block-themeisle-blocks-advanced-columns alignfull has-2-columns has-desktop-equal-layout has-tablet-equal-layout has-mobile-collapsedRows-layout has-nogap-gap has-vertical-center\" id=\"wp-block-themeisle-blocks-advanced-columns-9f8848a6\"><div class=\"wp-block-themeisle-blocks-advanced-columns-overlay\"><\/div><div class=\"innerblocks-wrap\">\n<div class=\"wp-block-themeisle-blocks-advanced-column\" id=\"wp-block-themeisle-blocks-advanced-column-cedf80ca\">\n<div id=\"wp-block-themeisle-blocks-advanced-heading-7c732754\" class=\"wp-block-themeisle-blocks-advanced-heading wp-block-themeisle-blocks-advanced-heading-7c732754\"><strong>Excursi\u00f3n al Pirineo Franc\u00e9s desde ECOCAMPING RURAL Valle de la fueva<\/strong><\/div>\n\n\n\n<h2 id=\"wp-block-themeisle-blocks-advanced-heading-ddc7a054\" class=\"wp-block-themeisle-blocks-advanced-heading wp-block-themeisle-blocks-advanced-heading-ddc7a054\">Rel\u00e1jate en el Pirineo Franc\u00e9s<\/h2>\n\n\n\n<div style=\"height:20px\" aria-hidden=\"true\" class=\"wp-block-spacer\"><\/div>\n\n\n\n<p class=\"has-nv-site-bg-color has-text-color\">Baln\u00e9a es el primer complejo de relajaci\u00f3n de aguas termales en los Pirineos franceses. Un lugar ideal para relajarte y desconectar, rodeado de monta\u00f1as.<\/p>\n\n\n\n<p class=\"has-nv-site-bg-color has-text-color\">Situado en el valle de Louron, a los pies de las estaciones de esqu\u00ed de Peyragudes y Val Louron y a orillas del lago G\u00e9nos-Loudenvielle. Una excursi\u00f3n de un d\u00eda que podr\u00e1s hacer desde nuestro Camping en el Valle de La Fueva. Desde el siguiente enlace podr\u00e1s Comprar entradas para Balnea.<\/p>\n\n\n\n<p class=\"has-nv-site-bg-color has-text-color\">Te recomendamos las entradas VIP, que te permitir\u00e1n reservar el d\u00eda y la franja horaria que desees para poder acceder directamente sin hacer colas.<\/p>\n\n\n\n<div class=\"wp-block-buttons is-content-justification-left is-layout-flex wp-block-buttons-is-layout-flex\">\n<div class=\"wp-block-button is-style-primary\"><a class=\"wp-block-button__link\" href=\"https:\/\/www.balnea.fr\/boutique-balnea\" target=\"_blank\" rel=\"noreferrer noopener\">Comprar entradas para Balnea<\/a><\/div>\n<\/div>\n<\/div>\n\n\n\n<div class=\"wp-block-themeisle-blocks-advanced-column\" id=\"wp-block-themeisle-blocks-advanced-column-48eed1bc\"><\/div>\n<\/div><\/section>\n\n\n\n<section class=\"wp-block-themeisle-blocks-advanced-columns alignfull has-1-columns has-desktop-equal-layout has-tablet-equal-layout has-mobile-equal-layout has-nogap-gap has-vertical-flex-start\" id=\"wp-block-themeisle-blocks-advanced-columns-0d54379d\"><div class=\"wp-block-themeisle-blocks-advanced-columns-overlay\"><\/div><div class=\"innerblocks-wrap\">\n<div class=\"wp-block-themeisle-blocks-advanced-column\" id=\"wp-block-themeisle-blocks-advanced-column-ba00a84a\">\n<section class=\"wp-block-themeisle-blocks-advanced-columns has-2-columns has-desktop-equal-layout has-tablet-equal-layout has-mobile-collapsedRows-layout has-nogap-gap has-vertical-center\" id=\"wp-block-themeisle-blocks-advanced-columns-363eccc7\"><div class=\"wp-block-themeisle-blocks-advanced-columns-overlay\"><\/div><div class=\"innerblocks-wrap\">\n<div class=\"wp-block-themeisle-blocks-advanced-column\" id=\"wp-block-themeisle-blocks-advanced-column-e32c15f5\">\n<div id=\"wp-block-themeisle-blocks-advanced-heading-19d0ecdb\" class=\"wp-block-themeisle-blocks-advanced-heading wp-block-themeisle-blocks-advanced-heading-19d0ecdb\"><strong>En familia, ni\u00f1os a partir de 9 meses<\/strong><\/div>\n\n\n\n<h2 class=\"has-text-align-left wp-block-heading\">Ba\u00f1os Amerindios<\/h2>\n\n\n\n<p>Este gran ba\u00f1o interior decorado con t\u00f3tems de madera maciza te transportar\u00e1 a Norteam\u00e9rica. Aqu\u00ed, el agua a 33\u00ba es en\u00e9rgica: nadar contra la corriente y burbujear bajo el agua. Encontrar\u00e1s g\u00e9iser, camas de burbujas, una cascada, duchas&#8230;<br>Un verdadero parque acu\u00e1tico \u00fanico en los Pirineos, los ba\u00f1os amerindios son la garant\u00eda de encontrar su bienestar mientras se divierte en familia.<\/p>\n<\/div>\n\n\n\n<div class=\"wp-block-themeisle-blocks-advanced-column\" id=\"wp-block-themeisle-blocks-advanced-column-6e1f4afe\">\n<figure class=\"wp-block-image size-full\"><img decoding=\"async\" width=\"880\" height=\"630\" src=\"https:\/\/www.ecocampingrural.com\/wp-content\/uploads\/2021\/12\/amerindios-balnea.jpg\" alt=\"balnea-ba\u00f1os-amerindios\" class=\"wp-image-565\" srcset=\"https:\/\/www.ecocampingrural.com\/wp-content\/uploads\/2021\/12\/amerindios-balnea.jpg 880w, https:\/\/www.ecocampingrural.com\/wp-content\/uploads\/2021\/12\/amerindios-balnea-300x215.jpg 300w, https:\/\/www.ecocampingrural.com\/wp-content\/uploads\/2021\/12\/amerindios-balnea-768x550.jpg 768w\" sizes=\"(max-width: 880px) 100vw, 880px\" \/><figcaption>Ba\u00f1os Amerindios de Baln\u00e9a<\/figcaption><\/figure>\n<\/div>\n<\/div><\/section>\n\n\n\n<section class=\"wp-block-themeisle-blocks-advanced-columns has-2-columns has-desktop-equal-layout has-tablet-equal-layout has-mobile-collapsedRows-layout has-nogap-gap has-vertical-center\" id=\"wp-block-themeisle-blocks-advanced-columns-3db1a44f\"><div class=\"wp-block-themeisle-blocks-advanced-columns-overlay\"><\/div><div class=\"innerblocks-wrap\">\n<div class=\"wp-block-themeisle-blocks-advanced-column\" id=\"wp-block-themeisle-blocks-advanced-column-4d559616\">\n<figure class=\"wp-block-image size-full\"><img decoding=\"async\" width=\"880\" height=\"630\" src=\"https:\/\/www.ecocampingrural.com\/wp-content\/uploads\/2021\/12\/termas-romanas-balnea.jpg\" alt=\"termas romanas balnea\" class=\"wp-image-567\" srcset=\"https:\/\/www.ecocampingrural.com\/wp-content\/uploads\/2021\/12\/termas-romanas-balnea.jpg 880w, https:\/\/www.ecocampingrural.com\/wp-content\/uploads\/2021\/12\/termas-romanas-balnea-300x215.jpg 300w, https:\/\/www.ecocampingrural.com\/wp-content\/uploads\/2021\/12\/termas-romanas-balnea-768x550.jpg 768w\" sizes=\"(max-width: 880px) 100vw, 880px\" \/><figcaption>Termas Romanas de Balnea<\/figcaption><\/figure>\n<\/div>\n\n\n\n<div class=\"wp-block-themeisle-blocks-advanced-column\" id=\"wp-block-themeisle-blocks-advanced-column-6b9e306f\">\n<div id=\"wp-block-themeisle-blocks-advanced-heading-76f90c48\" class=\"wp-block-themeisle-blocks-advanced-heading wp-block-themeisle-blocks-advanced-heading-76f90c48\"><strong>adultos y ni\u00f1os mayores de 12 a\u00f1os<\/strong><\/div>\n\n\n\n<h2 class=\"has-text-align-left wp-block-heading\">Las Termas Romanas<\/h2>\n\n\n\n<p>Alojados bajo una gigantesca c\u00fapula de cristal, con b\u00f3vedas rom\u00e1nicas y megalitos, estos ba\u00f1os invitan a relajarse con chorros, hidromasajes, cuellos de cisne, y masajes acu\u00e1ticos.<br>Experimenta una inmersi\u00f3n sensorial y relajante con el ba\u00f1o musical submarino. Para despertar tus sentidos, prueba la experiencia de <strong>caldarium<\/strong> alternando con el<strong> frigidarium<\/strong> y el <strong>tepidarium<\/strong>.<\/p>\n<\/div>\n<\/div><\/section>\n<\/div>\n<\/div><\/section>\n\n\n\n<section class=\"wp-block-themeisle-blocks-advanced-columns alignfull has-1-columns has-desktop-equal-layout has-tablet-equal-layout has-mobile-equal-layout has-nogap-gap has-vertical-flex-start\" id=\"wp-block-themeisle-blocks-advanced-columns-5dfbb581\"><div class=\"wp-block-themeisle-blocks-advanced-columns-overlay\"><\/div><div class=\"innerblocks-wrap\">\n<div class=\"wp-block-themeisle-blocks-advanced-column\" id=\"wp-block-themeisle-blocks-advanced-column-27ea5a8b\">\n<section class=\"wp-block-themeisle-blocks-advanced-columns has-2-columns has-desktop-equal-layout has-tablet-equal-layout has-mobile-collapsedRows-layout has-nogap-gap has-vertical-center\" id=\"wp-block-themeisle-blocks-advanced-columns-eb6d8a98\"><div class=\"wp-block-themeisle-blocks-advanced-columns-overlay\"><\/div><div class=\"innerblocks-wrap\">\n<div class=\"wp-block-themeisle-blocks-advanced-column\" id=\"wp-block-themeisle-blocks-advanced-column-f51b68c7\">\n<div id=\"wp-block-themeisle-blocks-advanced-heading-212bcfae\" class=\"wp-block-themeisle-blocks-advanced-heading wp-block-themeisle-blocks-advanced-heading-212bcfae\"><strong>Esp\u00edritu zen<\/strong> para adultos y mayores de 12 a\u00f1os<\/div>\n\n\n\n<h2 class=\"has-text-align-left wp-block-heading\">Transp\u00f3rtate a Jap\u00f3n<\/h2>\n\n\n\n<p>En la tradici\u00f3n de los balnearios japoneses, estos ba\u00f1os son un viaje a las tierras de los maestros zen. Camine por las tres piscinas panor\u00e1micas al aire libre, a 33\u00ba, 37\u00ba y 40\u00ba, con vistas al valle y rel\u00e1jese en los jacuzzis.<br>Para finalizar y regenerar tu cuerpo, un pabell\u00f3n crio-t\u00f3nico completa este espacio <strong>Zen<\/strong> con una cabina de hielo a 8\u00b0, una ducha de 4 estaciones y saunas de cristal.<\/p>\n<\/div>\n\n\n\n<div class=\"wp-block-themeisle-blocks-advanced-column\" id=\"wp-block-themeisle-blocks-advanced-column-f3908b68\">\n<figure class=\"wp-block-image size-full\"><img decoding=\"async\" width=\"880\" height=\"630\" src=\"https:\/\/www.ecocampingrural.com\/wp-content\/uploads\/2021\/12\/bano-japones-camping-balnea.jpg\" alt=\"ba\u00f1o japones rodeado de nieve en el pirineo\" class=\"wp-image-564\" srcset=\"https:\/\/www.ecocampingrural.com\/wp-content\/uploads\/2021\/12\/bano-japones-camping-balnea.jpg 880w, https:\/\/www.ecocampingrural.com\/wp-content\/uploads\/2021\/12\/bano-japones-camping-balnea-300x215.jpg 300w, https:\/\/www.ecocampingrural.com\/wp-content\/uploads\/2021\/12\/bano-japones-camping-balnea-768x550.jpg 768w\" sizes=\"(max-width: 880px) 100vw, 880px\" \/><figcaption>Ba\u00f1o Japon\u00e9s rodeado de nieve en el Pirineo<\/figcaption><\/figure>\n<\/div>\n<\/div><\/section>\n\n\n\n<section class=\"wp-block-themeisle-blocks-advanced-columns has-2-columns has-desktop-equal-layout has-tablet-equal-layout has-mobile-collapsedRows-layout has-nogap-gap has-vertical-center\" id=\"wp-block-themeisle-blocks-advanced-columns-3b64cc11\"><div class=\"wp-block-themeisle-blocks-advanced-columns-overlay\"><\/div><div class=\"innerblocks-wrap\">\n<div class=\"wp-block-themeisle-blocks-advanced-column\" id=\"wp-block-themeisle-blocks-advanced-column-4064fd67\">\n<figure class=\"wp-block-image size-full\"><img decoding=\"async\" width=\"880\" height=\"630\" src=\"https:\/\/www.ecocampingrural.com\/wp-content\/uploads\/2021\/12\/banos-incas-balnea.jpg\" alt=\"ba\u00f1os-incas-balnea\" class=\"wp-image-568\" srcset=\"https:\/\/www.ecocampingrural.com\/wp-content\/uploads\/2021\/12\/banos-incas-balnea.jpg 880w, https:\/\/www.ecocampingrural.com\/wp-content\/uploads\/2021\/12\/banos-incas-balnea-300x215.jpg 300w, https:\/\/www.ecocampingrural.com\/wp-content\/uploads\/2021\/12\/banos-incas-balnea-768x550.jpg 768w\" sizes=\"(max-width: 880px) 100vw, 880px\" \/><figcaption>Ba\u00f1os Inca en Balnea<\/figcaption><\/figure>\n<\/div>\n\n\n\n<div class=\"wp-block-themeisle-blocks-advanced-column\" id=\"wp-block-themeisle-blocks-advanced-column-57053929\">\n<div id=\"wp-block-themeisle-blocks-advanced-heading-e1470527\" class=\"wp-block-themeisle-blocks-advanced-heading wp-block-themeisle-blocks-advanced-heading-e1470527\"><strong>En familia, a partir de 9 meses<\/strong><\/div>\n\n\n\n<h2 class=\"has-text-align-left wp-block-heading\">Ba\u00f1os Incas<\/h2>\n\n\n\n<p>En conexi\u00f3n directa con los ba\u00f1os amerindios, estos ba\u00f1os son una extensi\u00f3n al aire libre que invita a los placeres acu\u00e1ticos con la familia. En un entorno de templo inca, entre t\u00f3tems m\u00edsticos y estatuillas enigm\u00e1ticas, d\u00e9jate llevar a la cumbre de la bienaventuranza.<br>Encontrar\u00e1s una piscina de 85m<sup>2<\/sup> con un carril de nataci\u00f3n a contracorriente con hidromasaje, un pasillo de masajes, jacuzzi, chorro de hidromasaje, y bancos con chorros. <\/p>\n<\/div>\n<\/div><\/section>\n<\/div>\n<\/div><\/section>\n\n\n\n<section class=\"wp-block-themeisle-blocks-advanced-columns alignfull has-1-columns has-desktop-equal-layout has-tablet-equal-layout has-mobile-equal-layout has-nogap-gap has-vertical-flex-start\" id=\"wp-block-themeisle-blocks-advanced-columns-20bb6779\"><div class=\"wp-block-themeisle-blocks-advanced-columns-overlay\"><\/div><div class=\"innerblocks-wrap\">\n<div class=\"wp-block-themeisle-blocks-advanced-column\" id=\"wp-block-themeisle-blocks-advanced-column-14051155\">\n<section class=\"wp-block-themeisle-blocks-advanced-columns has-2-columns has-desktop-equal-layout has-tablet-equal-layout has-mobile-collapsedRows-layout has-nogap-gap has-vertical-center\" id=\"wp-block-themeisle-blocks-advanced-columns-6c6e3741\"><div class=\"wp-block-themeisle-blocks-advanced-columns-overlay\"><\/div><div class=\"innerblocks-wrap\">\n<div class=\"wp-block-themeisle-blocks-advanced-column\" id=\"wp-block-themeisle-blocks-advanced-column-1822e92a\">\n<div id=\"wp-block-themeisle-blocks-advanced-heading-47a10f53\" class=\"wp-block-themeisle-blocks-advanced-heading wp-block-themeisle-blocks-advanced-heading-47a10f53\"><strong>Nuevo espacio para toda la familia<\/strong><\/div>\n\n\n\n<h2 class=\"has-text-align-left wp-block-heading\">Ba\u00f1os Mayas<\/h2>\n\n\n\n<p>Dedicado a las familias, este segundo espacio al aire libre con vistas a las monta\u00f1as est\u00e1 inspirado en <strong>Chich\u00e9n Itz\u00e1<\/strong> en M\u00e9xico, una de las 7 maravillas del mundo.<br>Los 100m2 de este ba\u00f1o invitan a relajarse, con chorros de hidromasaje, un carril de nataci\u00f3n a contracorriente, camas de burbujas, bancos de masaje, cuellos de cisne XXL y una piscina infantil, en el coraz\u00f3n de la piscina, para su mayor tranquilidad.<\/p>\n<\/div>\n\n\n\n<div class=\"wp-block-themeisle-blocks-advanced-column\" id=\"wp-block-themeisle-blocks-advanced-column-ef7dd711\">\n<figure class=\"wp-block-image size-full\"><img decoding=\"async\" width=\"880\" height=\"630\" src=\"https:\/\/www.ecocampingrural.com\/wp-content\/uploads\/2021\/12\/banos-mayas-balnea.jpg\" alt=\"ba\u00f1o-maya-balena\" class=\"wp-image-569\" srcset=\"https:\/\/www.ecocampingrural.com\/wp-content\/uploads\/2021\/12\/banos-mayas-balnea.jpg 880w, https:\/\/www.ecocampingrural.com\/wp-content\/uploads\/2021\/12\/banos-mayas-balnea-300x215.jpg 300w, https:\/\/www.ecocampingrural.com\/wp-content\/uploads\/2021\/12\/banos-mayas-balnea-768x550.jpg 768w\" sizes=\"(max-width: 880px) 100vw, 880px\" \/><\/figure>\n<\/div>\n<\/div><\/section>\n<\/div>\n<\/div><\/section>\n\n\n\n<section class=\"wp-block-themeisle-blocks-advanced-columns alignfull has-1-columns has-desktop-equal-layout has-tablet-equal-layout has-mobile-equal-layout has-nogap-gap has-vertical-center\" id=\"wp-block-themeisle-blocks-advanced-columns-2486197b\"><div class=\"wp-block-themeisle-blocks-advanced-columns-overlay\"><\/div><div class=\"innerblocks-wrap\">\n<div class=\"wp-block-themeisle-blocks-advanced-column\" id=\"wp-block-themeisle-blocks-advanced-column-fe550b0c\">\n<section class=\"wp-block-themeisle-blocks-advanced-columns has-2-columns has-desktop-equal-layout has-tablet-collapsedRows-layout has-mobile-collapsedRows-layout has-nogap-gap has-vertical-center\" id=\"wp-block-themeisle-blocks-advanced-columns-3184f42c\"><div class=\"wp-block-themeisle-blocks-advanced-columns-overlay\"><\/div><div class=\"innerblocks-wrap\">\n<div class=\"wp-block-themeisle-blocks-advanced-column\" id=\"wp-block-themeisle-blocks-advanced-column-25f7ba07\">\n<div id=\"wp-block-themeisle-blocks-advanced-heading-89dd93bc\" class=\"wp-block-themeisle-blocks-advanced-heading wp-block-themeisle-blocks-advanced-heading-89dd93bc\"><strong>esto te interesa<\/strong><\/div>\n\n\n\n<h1 id=\"wp-block-themeisle-blocks-advanced-heading-df0c1140\" class=\"wp-block-themeisle-blocks-advanced-heading wp-block-themeisle-blocks-advanced-heading-df0c1140\">Algunas recomendaciones<\/h1>\n<\/div>\n\n\n\n<div class=\"wp-block-themeisle-blocks-advanced-column\" id=\"wp-block-themeisle-blocks-advanced-column-5d7d25f9\"><\/div>\n<\/div><\/section>\n\n\n\n<section class=\"wp-block-themeisle-blocks-advanced-columns has-3-columns has-desktop-equal-layout has-tablet-equal-layout has-mobile-collapsedRows-layout has-nogap-gap has-vertical-center\" id=\"wp-block-themeisle-blocks-advanced-columns-65a32a72\"><div class=\"wp-block-themeisle-blocks-advanced-columns-overlay\"><\/div><div class=\"innerblocks-wrap\">\n<div class=\"wp-block-themeisle-blocks-advanced-column\" id=\"wp-block-themeisle-blocks-advanced-column-be46ba15\">\n<p class=\"wp-block-themeisle-blocks-font-awesome-icons\" id=\"wp-block-themeisle-blocks-font-awesome-icons-2674993e\"><span class=\"wp-block-themeisle-blocks-font-awesome-icons-container\"><i class=\"fas fa-passport\"><\/i><\/span><\/p>\n\n\n\n<h3 class=\"has-text-align-left has-white-color has-text-color wp-block-heading\">Pasaporte COVID<\/h3>\n\n\n\n<p class=\"has-text-align-left has-white-color has-text-color\">Para acceder es necesario presentar tu pasaporte COVID.<\/p>\n<\/div>\n\n\n\n<div class=\"wp-block-themeisle-blocks-advanced-column\" id=\"wp-block-themeisle-blocks-advanced-column-18309828\">\n<p class=\"wp-block-themeisle-blocks-font-awesome-icons\" id=\"wp-block-themeisle-blocks-font-awesome-icons-869f6743\"><span class=\"wp-block-themeisle-blocks-font-awesome-icons-container\"><i class=\"fas fa-swimmer\"><\/i><\/span><\/p>\n\n\n\n<h3 class=\"has-text-align-left has-white-color has-text-color wp-block-heading\">Ba\u00f1ador ajustado<\/h3>\n\n\n\n<p class=\"has-text-align-left has-white-color has-text-color\">En el caso de los hombres, no podr\u00e1s entrar con ba\u00f1ador tipo bermuda.<\/p>\n<\/div>\n\n\n\n<div class=\"wp-block-themeisle-blocks-advanced-column\" id=\"wp-block-themeisle-blocks-advanced-column-7e97e24f\">\n<p class=\"wp-block-themeisle-blocks-font-awesome-icons\" id=\"wp-block-themeisle-blocks-font-awesome-icons-3b8dd1a1\"><span class=\"wp-block-themeisle-blocks-font-awesome-icons-container\"><i class=\"fas fa-truck-monster\"><\/i><\/span><\/p>\n\n\n\n<h3 class=\"has-text-align-left has-white-color has-text-color wp-block-heading\">Neum\u00e1ticos de Invierno<\/h3>\n\n\n\n<p class=\"has-text-align-left has-white-color has-text-color\">Si viajas en invierno, recuerda que en Francia son obligatorios (o en su defecto Cadenas)<\/p>\n<\/div>\n<\/div><\/section>\n<\/div>\n<\/div><\/section>\n\n\n\n<section class=\"wp-block-themeisle-blocks-advanced-columns alignfull has-2-columns has-desktop-equal-layout has-tablet-equal-layout has-mobile-collapsedRows-layout has-nogap-gap has-vertical-center\" id=\"wp-block-themeisle-blocks-advanced-columns-debe9c02\"><div class=\"wp-block-themeisle-blocks-advanced-columns-overlay\"><\/div><div class=\"innerblocks-wrap\">\n<div class=\"wp-block-themeisle-blocks-advanced-column\" id=\"wp-block-themeisle-blocks-advanced-column-1cf06e66\">\n<div id=\"wp-block-themeisle-blocks-advanced-heading-02bd25d9\" class=\"wp-block-themeisle-blocks-advanced-heading wp-block-themeisle-blocks-advanced-heading-02bd25d9\"><strong>y para terminar&#8230;<\/strong><\/div>\n\n\n\n<h2 id=\"wp-block-themeisle-blocks-advanced-heading-b7196eeb\" class=\"wp-block-themeisle-blocks-advanced-heading wp-block-themeisle-blocks-advanced-heading-b7196eeb\">Disfruta de la gastronom\u00eda del Pirineo Franc\u00e9s<\/h2>\n\n\n\n<div style=\"height:20px\" aria-hidden=\"true\" class=\"wp-block-spacer\"><\/div>\n\n\n\n<p class=\"has-text-align-left\">No olvides marcharte sin antes probar una t\u00edpica Fondue de Quesos de este lado del Pirineo \u00a1Deliciosa!<\/p>\n\n\n\n<div class=\"wp-block-buttons is-layout-flex wp-block-buttons-is-layout-flex\"><\/div>\n<\/div>\n\n\n\n<div class=\"wp-block-themeisle-blocks-advanced-column\" id=\"wp-block-themeisle-blocks-advanced-column-11e58f7d\">\n<figure class=\"wp-block-image size-large\"><img decoding=\"async\" width=\"1024\" height=\"768\" src=\"https:\/\/www.ecocampingrural.com\/wp-content\/uploads\/2021\/12\/fondue-queso-pirineo-1024x768.jpg\" alt=\"fondue-francia-camping\" class=\"wp-image-572\" srcset=\"https:\/\/www.ecocampingrural.com\/wp-content\/uploads\/2021\/12\/fondue-queso-pirineo-1024x768.jpg 1024w, https:\/\/www.ecocampingrural.com\/wp-content\/uploads\/2021\/12\/fondue-queso-pirineo-300x225.jpg 300w, https:\/\/www.ecocampingrural.com\/wp-content\/uploads\/2021\/12\/fondue-queso-pirineo-768x576.jpg 768w, https:\/\/www.ecocampingrural.com\/wp-content\/uploads\/2021\/12\/fondue-queso-pirineo-1536x1152.jpg 1536w, https:\/\/www.ecocampingrural.com\/wp-content\/uploads\/2021\/12\/fondue-queso-pirineo-2048x1536.jpg 2048w\" sizes=\"(max-width: 1024px) 100vw, 1024px\" \/><figcaption>Fondue Restaurante Le Chalet en Saint Lary<\/figcaption><\/figure>\n<\/div>\n<\/div><\/section>\n","protected":false},"excerpt":{"rendered":"","protected":false},"author":1,"featured_media":570,"comment_status":"open","ping_status":"open","sticky":false,"template":"","format":"standard","meta":{"_uf_show_specific_survey":0,"_uf_disable_surveys":false,"neve_meta_sidebar":"","neve_meta_container":"","neve_meta_enable_content_width":"","neve_meta_content_width":0,"neve_meta_title_alignment":"","neve_meta_author_avatar":"","neve_post_elements_order":"","neve_meta_disable_header":"","neve_meta_disable_footer":"","neve_meta_disable_title":"","_themeisle_gutenberg_block_has_review":false,"footnotes":""},"categories":[6],"tags":[51,7,54,52,53],"class_list":["post-563","post","type-post","status-publish","format-standard","has-post-thumbnail","hentry","category-noticias","tag-balnea","tag-camping","tag-camping-cerca-de-francia","tag-pirineo-frances","tag-spa-en-la-nieve"],"yoast_head":"<!-- This site is optimized with the Yoast SEO plugin v25.6 - https:\/\/yoast.com\/wordpress\/plugins\/seo\/ -->\n<title>Comprar entradas para Balnea - Ecocamping Rural<\/title>\n<meta name=\"description\" content=\"Vivir la experiencia de ba\u00f1arte al aire libre a 40\u00ba rodeado de nieve, en el Pirineo Franc\u00e9s. Comprar entradas para Balnea\" \/>\n<meta name=\"robots\" content=\"index, follow, max-snippet:-1, max-image-preview:large, max-video-preview:-1\" \/>\n<link rel=\"canonical\" href=\"https:\/\/www.ecocampingrural.com\/index.php\/2021\/12\/29\/comprar-entradas-para-balnea\/\" \/>\n<meta property=\"og:locale\" content=\"es_ES\" \/>\n<meta property=\"og:type\" content=\"article\" \/>\n<meta property=\"og:title\" content=\"Comprar entradas para Balnea - Ecocamping Rural\" \/>\n<meta property=\"og:description\" content=\"Vivir la experiencia de ba\u00f1arte al aire libre a 40\u00ba rodeado de nieve, en el Pirineo Franc\u00e9s. Comprar entradas para Balnea\" \/>\n<meta property=\"og:url\" content=\"https:\/\/www.ecocampingrural.com\/index.php\/2021\/12\/29\/comprar-entradas-para-balnea\/\" \/>\n<meta property=\"og:site_name\" content=\"Ecocamping Rural\" \/>\n<meta property=\"article:publisher\" content=\"https:\/\/www.facebook.com\/campinglafueva\" \/>\n<meta property=\"article:published_time\" content=\"2021-12-29T16:21:52+00:00\" \/>\n<meta property=\"article:modified_time\" content=\"2021-12-29T16:21:53+00:00\" \/>\n<meta property=\"og:image\" content=\"https:\/\/www.ecocampingrural.com\/wp-content\/uploads\/2021\/12\/balnea-pirineo-frances-768x524.jpg\" \/>\n\t<meta property=\"og:image:width\" content=\"768\" \/>\n\t<meta property=\"og:image:height\" content=\"524\" \/>\n\t<meta property=\"og:image:type\" content=\"image\/jpeg\" \/>\n<meta name=\"author\" content=\"ecocamping\" \/>\n<meta name=\"twitter:card\" content=\"summary_large_image\" \/>\n<meta name=\"twitter:label1\" content=\"Escrito por\" \/>\n\t<meta name=\"twitter:data1\" content=\"ecocamping\" \/>\n\t<meta name=\"twitter:label2\" content=\"Tiempo de lectura\" \/>\n\t<meta name=\"twitter:data2\" content=\"4 minutos\" \/>\n<script type=\"application\/ld+json\" class=\"yoast-schema-graph\">{\"@context\":\"https:\/\/schema.org\",\"@graph\":[{\"@type\":\"Article\",\"@id\":\"https:\/\/www.ecocampingrural.com\/index.php\/2021\/12\/29\/comprar-entradas-para-balnea\/#article\",\"isPartOf\":{\"@id\":\"https:\/\/www.ecocampingrural.com\/index.php\/2021\/12\/29\/comprar-entradas-para-balnea\/\"},\"author\":{\"name\":\"ecocamping\",\"@id\":\"https:\/\/www.ecocampingrural.com\/#\/schema\/person\/672b4c97857d8a1fc3fc8a7af38f40c3\"},\"headline\":\"Comprar entradas para Balnea\",\"datePublished\":\"2021-12-29T16:21:52+00:00\",\"dateModified\":\"2021-12-29T16:21:53+00:00\",\"mainEntityOfPage\":{\"@id\":\"https:\/\/www.ecocampingrural.com\/index.php\/2021\/12\/29\/comprar-entradas-para-balnea\/\"},\"wordCount\":664,\"commentCount\":0,\"publisher\":{\"@id\":\"https:\/\/www.ecocampingrural.com\/#organization\"},\"image\":{\"@id\":\"https:\/\/www.ecocampingrural.com\/index.php\/2021\/12\/29\/comprar-entradas-para-balnea\/#primaryimage\"},\"thumbnailUrl\":\"https:\/\/www.ecocampingrural.com\/wp-content\/uploads\/2021\/12\/balnea-pirineo-frances.jpg\",\"keywords\":[\"balnea\",\"Camping\",\"camping cerca de Francia\",\"pirineo franc\u00e9s\",\"spa en la nieve\"],\"articleSection\":[\"Noticias\"],\"inLanguage\":\"es\",\"potentialAction\":[{\"@type\":\"CommentAction\",\"name\":\"Comment\",\"target\":[\"https:\/\/www.ecocampingrural.com\/index.php\/2021\/12\/29\/comprar-entradas-para-balnea\/#respond\"]}]},{\"@type\":\"WebPage\",\"@id\":\"https:\/\/www.ecocampingrural.com\/index.php\/2021\/12\/29\/comprar-entradas-para-balnea\/\",\"url\":\"https:\/\/www.ecocampingrural.com\/index.php\/2021\/12\/29\/comprar-entradas-para-balnea\/\",\"name\":\"Comprar entradas para Balnea - Ecocamping Rural\",\"isPartOf\":{\"@id\":\"https:\/\/www.ecocampingrural.com\/#website\"},\"primaryImageOfPage\":{\"@id\":\"https:\/\/www.ecocampingrural.com\/index.php\/2021\/12\/29\/comprar-entradas-para-balnea\/#primaryimage\"},\"image\":{\"@id\":\"https:\/\/www.ecocampingrural.com\/index.php\/2021\/12\/29\/comprar-entradas-para-balnea\/#primaryimage\"},\"thumbnailUrl\":\"https:\/\/www.ecocampingrural.com\/wp-content\/uploads\/2021\/12\/balnea-pirineo-frances.jpg\",\"datePublished\":\"2021-12-29T16:21:52+00:00\",\"dateModified\":\"2021-12-29T16:21:53+00:00\",\"description\":\"Vivir la experiencia de ba\u00f1arte al aire libre a 40\u00ba rodeado de nieve, en el Pirineo Franc\u00e9s. Comprar entradas para Balnea\",\"breadcrumb\":{\"@id\":\"https:\/\/www.ecocampingrural.com\/index.php\/2021\/12\/29\/comprar-entradas-para-balnea\/#breadcrumb\"},\"inLanguage\":\"es\",\"potentialAction\":[{\"@type\":\"ReadAction\",\"target\":[\"https:\/\/www.ecocampingrural.com\/index.php\/2021\/12\/29\/comprar-entradas-para-balnea\/\"]}]},{\"@type\":\"ImageObject\",\"inLanguage\":\"es\",\"@id\":\"https:\/\/www.ecocampingrural.com\/index.php\/2021\/12\/29\/comprar-entradas-para-balnea\/#primaryimage\",\"url\":\"https:\/\/www.ecocampingrural.com\/wp-content\/uploads\/2021\/12\/balnea-pirineo-frances.jpg\",\"contentUrl\":\"https:\/\/www.ecocampingrural.com\/wp-content\/uploads\/2021\/12\/balnea-pirineo-frances.jpg\",\"width\":1024,\"height\":698},{\"@type\":\"BreadcrumbList\",\"@id\":\"https:\/\/www.ecocampingrural.com\/index.php\/2021\/12\/29\/comprar-entradas-para-balnea\/#breadcrumb\",\"itemListElement\":[{\"@type\":\"ListItem\",\"position\":1,\"name\":\"Portada\",\"item\":\"https:\/\/www.ecocampingrural.com\/\"},{\"@type\":\"ListItem\",\"position\":2,\"name\":\"Comprar entradas para Balnea\"}]},{\"@type\":\"WebSite\",\"@id\":\"https:\/\/www.ecocampingrural.com\/#website\",\"url\":\"https:\/\/www.ecocampingrural.com\/\",\"name\":\"Ecocamping Rural Valle de La Fueva\",\"description\":\"Valle de La Fueva\",\"publisher\":{\"@id\":\"https:\/\/www.ecocampingrural.com\/#organization\"},\"potentialAction\":[{\"@type\":\"SearchAction\",\"target\":{\"@type\":\"EntryPoint\",\"urlTemplate\":\"https:\/\/www.ecocampingrural.com\/?s={search_term_string}\"},\"query-input\":{\"@type\":\"PropertyValueSpecification\",\"valueRequired\":true,\"valueName\":\"search_term_string\"}}],\"inLanguage\":\"es\"},{\"@type\":\"Organization\",\"@id\":\"https:\/\/www.ecocampingrural.com\/#organization\",\"name\":\"ECOCAMPING RURAL SC\",\"url\":\"https:\/\/www.ecocampingrural.com\/\",\"logo\":{\"@type\":\"ImageObject\",\"inLanguage\":\"es\",\"@id\":\"https:\/\/www.ecocampingrural.com\/#\/schema\/logo\/image\/\",\"url\":\"https:\/\/www.ecocampingrural.com\/wp-content\/uploads\/2021\/02\/LOGODEFVERDE.png\",\"contentUrl\":\"https:\/\/www.ecocampingrural.com\/wp-content\/uploads\/2021\/02\/LOGODEFVERDE.png\",\"width\":865,\"height\":579,\"caption\":\"ECOCAMPING RURAL SC\"},\"image\":{\"@id\":\"https:\/\/www.ecocampingrural.com\/#\/schema\/logo\/image\/\"},\"sameAs\":[\"https:\/\/www.facebook.com\/campinglafueva\",\"https:\/\/www.instagram.com\/ecocampingrural\/\"]},{\"@type\":\"Person\",\"@id\":\"https:\/\/www.ecocampingrural.com\/#\/schema\/person\/672b4c97857d8a1fc3fc8a7af38f40c3\",\"name\":\"ecocamping\",\"image\":{\"@type\":\"ImageObject\",\"inLanguage\":\"es\",\"@id\":\"https:\/\/www.ecocampingrural.com\/#\/schema\/person\/image\/\",\"url\":\"https:\/\/secure.gravatar.com\/avatar\/10dc49e0ad13fae4dcb4f35dca9fcdb9?s=96&d=mm&r=g\",\"contentUrl\":\"https:\/\/secure.gravatar.com\/avatar\/10dc49e0ad13fae4dcb4f35dca9fcdb9?s=96&d=mm&r=g\",\"caption\":\"ecocamping\"},\"sameAs\":[\"http:\/\/www.ecocampingrural.com\"]}]}<\/script>\n<!-- \/ Yoast SEO plugin. -->","yoast_head_json":{"title":"Comprar entradas para Balnea - Ecocamping Rural","description":"Vivir la experiencia de ba\u00f1arte al aire libre a 40\u00ba rodeado de nieve, en el Pirineo Franc\u00e9s. Comprar entradas para Balnea","robots":{"index":"index","follow":"follow","max-snippet":"max-snippet:-1","max-image-preview":"max-image-preview:large","max-video-preview":"max-video-preview:-1"},"canonical":"https:\/\/www.ecocampingrural.com\/index.php\/2021\/12\/29\/comprar-entradas-para-balnea\/","og_locale":"es_ES","og_type":"article","og_title":"Comprar entradas para Balnea - Ecocamping Rural","og_description":"Vivir la experiencia de ba\u00f1arte al aire libre a 40\u00ba rodeado de nieve, en el Pirineo Franc\u00e9s. Comprar entradas para Balnea","og_url":"https:\/\/www.ecocampingrural.com\/index.php\/2021\/12\/29\/comprar-entradas-para-balnea\/","og_site_name":"Ecocamping Rural","article_publisher":"https:\/\/www.facebook.com\/campinglafueva","article_published_time":"2021-12-29T16:21:52+00:00","article_modified_time":"2021-12-29T16:21:53+00:00","og_image":[{"width":768,"height":524,"url":"https:\/\/www.ecocampingrural.com\/wp-content\/uploads\/2021\/12\/balnea-pirineo-frances-768x524.jpg","type":"image\/jpeg"}],"author":"ecocamping","twitter_card":"summary_large_image","twitter_misc":{"Escrito por":"ecocamping","Tiempo de lectura":"4 minutos"},"schema":{"@context":"https:\/\/schema.org","@graph":[{"@type":"Article","@id":"https:\/\/www.ecocampingrural.com\/index.php\/2021\/12\/29\/comprar-entradas-para-balnea\/#article","isPartOf":{"@id":"https:\/\/www.ecocampingrural.com\/index.php\/2021\/12\/29\/comprar-entradas-para-balnea\/"},"author":{"name":"ecocamping","@id":"https:\/\/www.ecocampingrural.com\/#\/schema\/person\/672b4c97857d8a1fc3fc8a7af38f40c3"},"headline":"Comprar entradas para Balnea","datePublished":"2021-12-29T16:21:52+00:00","dateModified":"2021-12-29T16:21:53+00:00","mainEntityOfPage":{"@id":"https:\/\/www.ecocampingrural.com\/index.php\/2021\/12\/29\/comprar-entradas-para-balnea\/"},"wordCount":664,"commentCount":0,"publisher":{"@id":"https:\/\/www.ecocampingrural.com\/#organization"},"image":{"@id":"https:\/\/www.ecocampingrural.com\/index.php\/2021\/12\/29\/comprar-entradas-para-balnea\/#primaryimage"},"thumbnailUrl":"https:\/\/www.ecocampingrural.com\/wp-content\/uploads\/2021\/12\/balnea-pirineo-frances.jpg","keywords":["balnea","Camping","camping cerca de Francia","pirineo franc\u00e9s","spa en la nieve"],"articleSection":["Noticias"],"inLanguage":"es","potentialAction":[{"@type":"CommentAction","name":"Comment","target":["https:\/\/www.ecocampingrural.com\/index.php\/2021\/12\/29\/comprar-entradas-para-balnea\/#respond"]}]},{"@type":"WebPage","@id":"https:\/\/www.ecocampingrural.com\/index.php\/2021\/12\/29\/comprar-entradas-para-balnea\/","url":"https:\/\/www.ecocampingrural.com\/index.php\/2021\/12\/29\/comprar-entradas-para-balnea\/","name":"Comprar entradas para Balnea - Ecocamping Rural","isPartOf":{"@id":"https:\/\/www.ecocampingrural.com\/#website"},"primaryImageOfPage":{"@id":"https:\/\/www.ecocampingrural.com\/index.php\/2021\/12\/29\/comprar-entradas-para-balnea\/#primaryimage"},"image":{"@id":"https:\/\/www.ecocampingrural.com\/index.php\/2021\/12\/29\/comprar-entradas-para-balnea\/#primaryimage"},"thumbnailUrl":"https:\/\/www.ecocampingrural.com\/wp-content\/uploads\/2021\/12\/balnea-pirineo-frances.jpg","datePublished":"2021-12-29T16:21:52+00:00","dateModified":"2021-12-29T16:21:53+00:00","description":"Vivir la experiencia de ba\u00f1arte al aire libre a 40\u00ba rodeado de nieve, en el Pirineo Franc\u00e9s. Comprar entradas para Balnea","breadcrumb":{"@id":"https:\/\/www.ecocampingrural.com\/index.php\/2021\/12\/29\/comprar-entradas-para-balnea\/#breadcrumb"},"inLanguage":"es","potentialAction":[{"@type":"ReadAction","target":["https:\/\/www.ecocampingrural.com\/index.php\/2021\/12\/29\/comprar-entradas-para-balnea\/"]}]},{"@type":"ImageObject","inLanguage":"es","@id":"https:\/\/www.ecocampingrural.com\/index.php\/2021\/12\/29\/comprar-entradas-para-balnea\/#primaryimage","url":"https:\/\/www.ecocampingrural.com\/wp-content\/uploads\/2021\/12\/balnea-pirineo-frances.jpg","contentUrl":"https:\/\/www.ecocampingrural.com\/wp-content\/uploads\/2021\/12\/balnea-pirineo-frances.jpg","width":1024,"height":698},{"@type":"BreadcrumbList","@id":"https:\/\/www.ecocampingrural.com\/index.php\/2021\/12\/29\/comprar-entradas-para-balnea\/#breadcrumb","itemListElement":[{"@type":"ListItem","position":1,"name":"Portada","item":"https:\/\/www.ecocampingrural.com\/"},{"@type":"ListItem","position":2,"name":"Comprar entradas para Balnea"}]},{"@type":"WebSite","@id":"https:\/\/www.ecocampingrural.com\/#website","url":"https:\/\/www.ecocampingrural.com\/","name":"Ecocamping Rural Valle de La Fueva","description":"Valle de La Fueva","publisher":{"@id":"https:\/\/www.ecocampingrural.com\/#organization"},"potentialAction":[{"@type":"SearchAction","target":{"@type":"EntryPoint","urlTemplate":"https:\/\/www.ecocampingrural.com\/?s={search_term_string}"},"query-input":{"@type":"PropertyValueSpecification","valueRequired":true,"valueName":"search_term_string"}}],"inLanguage":"es"},{"@type":"Organization","@id":"https:\/\/www.ecocampingrural.com\/#organization","name":"ECOCAMPING RURAL SC","url":"https:\/\/www.ecocampingrural.com\/","logo":{"@type":"ImageObject","inLanguage":"es","@id":"https:\/\/www.ecocampingrural.com\/#\/schema\/logo\/image\/","url":"https:\/\/www.ecocampingrural.com\/wp-content\/uploads\/2021\/02\/LOGODEFVERDE.png","contentUrl":"https:\/\/www.ecocampingrural.com\/wp-content\/uploads\/2021\/02\/LOGODEFVERDE.png","width":865,"height":579,"caption":"ECOCAMPING RURAL SC"},"image":{"@id":"https:\/\/www.ecocampingrural.com\/#\/schema\/logo\/image\/"},"sameAs":["https:\/\/www.facebook.com\/campinglafueva","https:\/\/www.instagram.com\/ecocampingrural\/"]},{"@type":"Person","@id":"https:\/\/www.ecocampingrural.com\/#\/schema\/person\/672b4c97857d8a1fc3fc8a7af38f40c3","name":"ecocamping","image":{"@type":"ImageObject","inLanguage":"es","@id":"https:\/\/www.ecocampingrural.com\/#\/schema\/person\/image\/","url":"https:\/\/secure.gravatar.com\/avatar\/10dc49e0ad13fae4dcb4f35dca9fcdb9?s=96&d=mm&r=g","contentUrl":"https:\/\/secure.gravatar.com\/avatar\/10dc49e0ad13fae4dcb4f35dca9fcdb9?s=96&d=mm&r=g","caption":"ecocamping"},"sameAs":["http:\/\/www.ecocampingrural.com"]}]}},"_links":{"self":[{"href":"https:\/\/www.ecocampingrural.com\/index.php\/wp-json\/wp\/v2\/posts\/563","targetHints":{"allow":["GET"]}}],"collection":[{"href":"https:\/\/www.ecocampingrural.com\/index.php\/wp-json\/wp\/v2\/posts"}],"about":[{"href":"https:\/\/www.ecocampingrural.com\/index.php\/wp-json\/wp\/v2\/types\/post"}],"author":[{"embeddable":true,"href":"https:\/\/www.ecocampingrural.com\/index.php\/wp-json\/wp\/v2\/users\/1"}],"replies":[{"embeddable":true,"href":"https:\/\/www.ecocampingrural.com\/index.php\/wp-json\/wp\/v2\/comments?post=563"}],"version-history":[{"count":0,"href":"https:\/\/www.ecocampingrural.com\/index.php\/wp-json\/wp\/v2\/posts\/563\/revisions"}],"wp:featuredmedia":[{"embeddable":true,"href":"https:\/\/www.ecocampingrural.com\/index.php\/wp-json\/wp\/v2\/media\/570"}],"wp:attachment":[{"href":"https:\/\/www.ecocampingrural.com\/index.php\/wp-json\/wp\/v2\/media?parent=563"}],"wp:term":[{"taxonomy":"category","embeddable":true,"href":"https:\/\/www.ecocampingrural.com\/index.php\/wp-json\/wp\/v2\/categories?post=563"},{"taxonomy":"post_tag","embeddable":true,"href":"https:\/\/www.ecocampingrural.com\/index.php\/wp-json\/wp\/v2\/tags?post=563"}],"curies":[{"name":"wp","href":"https:\/\/api.w.org\/{rel}","templated":true}]}}