{"id":578,"date":"2021-12-29T18:09:35","date_gmt":"2021-12-29T18:09:35","guid":{"rendered":"https:\/\/www.ecocampingrural.com\/?p=578"},"modified":"2021-12-29T18:25:02","modified_gmt":"2021-12-29T18:25:02","slug":"abierto-camping-la-fueva","status":"publish","type":"post","link":"https:\/\/www.ecocampingrural.com\/index.php\/2021\/12\/29\/abierto-camping-la-fueva\/","title":{"rendered":"Abierto el primer camping en La Fueva"},"content":{"rendered":"\n<figure class=\"wp-block-audio\"><audio controls src=\"https:\/\/www.ecocampingrural.com\/wp-content\/uploads\/2021\/12\/camping-pirineo-aragones-la-fueva.mp3\"><\/audio><figcaption>Escucha la entrevista sin salir de <a href=\"https:\/\/www.ecocampingrural.com\" target=\"_blank\" rel=\"noreferrer noopener\">www.ecocampingrural.com<\/a><\/figcaption><\/figure>\n\n\n\n<section class=\"wp-block-themeisle-blocks-advanced-columns alignfull has-2-columns has-desktop-equal-layout has-tablet-equal-layout has-mobile-collapsedRows-layout has-nogap-gap has-vertical-center\" id=\"wp-block-themeisle-blocks-advanced-columns-debe9c02\"><div class=\"wp-block-themeisle-blocks-advanced-columns-overlay\"><\/div><div class=\"innerblocks-wrap\">\n<div class=\"wp-block-themeisle-blocks-advanced-column\" id=\"wp-block-themeisle-blocks-advanced-column-1cf06e66\">\n<div id=\"wp-block-themeisle-blocks-advanced-heading-02bd25d9\" class=\"wp-block-themeisle-blocks-advanced-heading wp-block-themeisle-blocks-advanced-heading-02bd25d9\"><strong>Entrevista en arag\u00f3n radio<\/strong><\/div>\n\n\n\n<h1 id=\"wp-block-themeisle-blocks-advanced-heading-b7196eeb\" class=\"wp-block-themeisle-blocks-advanced-heading wp-block-themeisle-blocks-advanced-heading-b7196eeb\">Abierto el primer camping en La Fueva<\/h1>\n\n\n\n<div style=\"height:20px\" aria-hidden=\"true\" class=\"wp-block-spacer\"><\/div>\n\n\n\n<p class=\"has-text-align-left\">Tras varios meses de obras, acaba de abrir el primer camping del Valle de La Fueva. Lo comentamos con Carlos Espluga, promotor de este proyecto.<\/p>\n\n\n\n<div class=\"wp-block-buttons is-layout-flex wp-block-buttons-is-layout-flex\">\n<div class=\"wp-block-button is-style-primary\"><a class=\"wp-block-button__link\" href=\"https:\/\/www.cartv.es\/aragonradio\/podcast\/emision\/abierto-el-primer-camping-en-el-valle-de-la-fueva\" target=\"_blank\" rel=\"noreferrer noopener\">Escuchar noticia en Arag\u00f3n Radio<\/a><\/div>\n<\/div>\n<\/div>\n\n\n\n<div class=\"wp-block-themeisle-blocks-advanced-column\" id=\"wp-block-themeisle-blocks-advanced-column-11e58f7d\">\n<figure class=\"wp-block-image size-full\"><a href=\"https:\/\/www.cartv.es\/aragonradio\/podcast\/emision\/abierto-el-primer-camping-en-el-valle-de-la-fueva\"><img decoding=\"async\" width=\"356\" height=\"588\" src=\"https:\/\/www.ecocampingrural.com\/wp-content\/uploads\/2021\/12\/abierto-camping-la-fueva.png\" alt=\"reproductor-camping-pirineo\" class=\"wp-image-576\" srcset=\"https:\/\/www.ecocampingrural.com\/wp-content\/uploads\/2021\/12\/abierto-camping-la-fueva.png 356w, https:\/\/www.ecocampingrural.com\/wp-content\/uploads\/2021\/12\/abierto-camping-la-fueva-182x300.png 182w\" sizes=\"(max-width: 356px) 100vw, 356px\" \/><\/a><\/figure>\n<\/div>\n<\/div><\/section>\n\n\n\n<p>Si no funciona el enlace anterior, puedes escuchar la entrevista con Lorenzo R\u00edos en el Programa \u00abEsta es la nuestra\u00bb de <strong>Arag\u00f3n Radio<\/strong> en el reproductor web que encontrar\u00e1s en la parte superior de esta entrada, directamente y sin salir de nuestra p\u00e1gina web.<\/p>\n\n\n\n<p>La entrevista se ha realizado este mi\u00e9rcoles 29 de diciembre de 2021, con motivo del primer mes de apertura del primer Camping en el municipio de La Fueva.<\/p>\n\n\n\n<p class=\"has-text-align-center\"><em>Abierto el primer Camping La Fueva<\/em><\/p>\n","protected":false},"excerpt":{"rendered":"<p>Si no funciona el enlace anterior, puedes escuchar la entrevista con Lorenzo R\u00edos en el Programa \u00abEsta es la nuestra\u00bb de Arag\u00f3n Radio en el reproductor web que encontrar\u00e1s en la parte superior de esta entrada, directamente y sin salir de nuestra p\u00e1gina web. La entrevista se ha realizado este mi\u00e9rcoles 29 de diciembre de&hellip;&nbsp;<a href=\"https:\/\/www.ecocampingrural.com\/index.php\/2021\/12\/29\/abierto-camping-la-fueva\/\" rel=\"bookmark\">Leer m\u00e1s &raquo;<span class=\"screen-reader-text\">Abierto el primer camping en La Fueva<\/span><\/a><\/p>\n","protected":false},"author":1,"featured_media":141,"comment_status":"open","ping_status":"open","sticky":false,"template":"","format":"standard","meta":{"_uf_show_specific_survey":0,"_uf_disable_surveys":false,"neve_meta_sidebar":"","neve_meta_container":"","neve_meta_enable_content_width":"","neve_meta_content_width":0,"neve_meta_title_alignment":"","neve_meta_author_avatar":"","neve_post_elements_order":"","neve_meta_disable_header":"","neve_meta_disable_footer":"","neve_meta_disable_title":"","_themeisle_gutenberg_block_has_review":false,"footnotes":""},"categories":[5,6],"tags":[56,49,57,55,20],"class_list":["post-578","post","type-post","status-publish","format-standard","has-post-thumbnail","hentry","category-en-prensa","category-noticias","tag-aragon-radio-2","tag-camping-en-el-pirineo-aragones","tag-camping-en-la-fueva","tag-entrevista","tag-esta-es-la-nuestra"],"yoast_head":"<!-- This site is optimized with the Yoast SEO plugin v25.6 - https:\/\/yoast.com\/wordpress\/plugins\/seo\/ -->\n<title>Abierto primer Camping La Fueva - Ecocamping Rural<\/title>\n<meta name=\"description\" content=\"Entrevista en Esta es la nuestra, de Arag\u00f3n Radio, con Lorenzo R\u00edos, por haber abierto primer camping en La Fueva.\" \/>\n<meta name=\"robots\" content=\"index, follow, max-snippet:-1, max-image-preview:large, max-video-preview:-1\" \/>\n<link rel=\"canonical\" href=\"https:\/\/www.ecocampingrural.com\/index.php\/2021\/12\/29\/abierto-camping-la-fueva\/\" \/>\n<meta property=\"og:locale\" content=\"es_ES\" \/>\n<meta property=\"og:type\" content=\"article\" \/>\n<meta property=\"og:title\" content=\"Abierto primer Camping La Fueva - Ecocamping Rural\" \/>\n<meta property=\"og:description\" content=\"Entrevista en Esta es la nuestra, de Arag\u00f3n Radio, con Lorenzo R\u00edos, por haber abierto primer camping en La Fueva.\" \/>\n<meta property=\"og:url\" content=\"https:\/\/www.ecocampingrural.com\/index.php\/2021\/12\/29\/abierto-camping-la-fueva\/\" \/>\n<meta property=\"og:site_name\" content=\"Ecocamping Rural\" \/>\n<meta property=\"article:publisher\" content=\"https:\/\/www.facebook.com\/campinglafueva\" \/>\n<meta property=\"article:published_time\" content=\"2021-12-29T18:09:35+00:00\" \/>\n<meta property=\"article:modified_time\" content=\"2021-12-29T18:25:02+00:00\" \/>\n<meta property=\"og:image\" content=\"https:\/\/i0.wp.com\/www.ecocampingrural.com\/wp-content\/uploads\/2021\/02\/aragonradio-camping-la-fueva-alueza.jpg?fit=646%2C371&ssl=1\" \/>\n\t<meta property=\"og:image:width\" content=\"646\" \/>\n\t<meta property=\"og:image:height\" content=\"371\" \/>\n\t<meta property=\"og:image:type\" content=\"image\/jpeg\" \/>\n<meta name=\"author\" content=\"ecocamping\" \/>\n<meta name=\"twitter:card\" content=\"summary_large_image\" \/>\n<meta name=\"twitter:label1\" content=\"Escrito por\" \/>\n\t<meta name=\"twitter:data1\" content=\"ecocamping\" \/>\n\t<meta name=\"twitter:label2\" content=\"Tiempo de lectura\" \/>\n\t<meta name=\"twitter:data2\" content=\"1 minuto\" \/>\n<script type=\"application\/ld+json\" class=\"yoast-schema-graph\">{\"@context\":\"https:\/\/schema.org\",\"@graph\":[{\"@type\":\"Article\",\"@id\":\"https:\/\/www.ecocampingrural.com\/index.php\/2021\/12\/29\/abierto-camping-la-fueva\/#article\",\"isPartOf\":{\"@id\":\"https:\/\/www.ecocampingrural.com\/index.php\/2021\/12\/29\/abierto-camping-la-fueva\/\"},\"author\":{\"name\":\"ecocamping\",\"@id\":\"https:\/\/www.ecocampingrural.com\/#\/schema\/person\/672b4c97857d8a1fc3fc8a7af38f40c3\"},\"headline\":\"Abierto el primer camping en La Fueva\",\"datePublished\":\"2021-12-29T18:09:35+00:00\",\"dateModified\":\"2021-12-29T18:25:02+00:00\",\"mainEntityOfPage\":{\"@id\":\"https:\/\/www.ecocampingrural.com\/index.php\/2021\/12\/29\/abierto-camping-la-fueva\/\"},\"wordCount\":140,\"commentCount\":0,\"publisher\":{\"@id\":\"https:\/\/www.ecocampingrural.com\/#organization\"},\"image\":{\"@id\":\"https:\/\/www.ecocampingrural.com\/index.php\/2021\/12\/29\/abierto-camping-la-fueva\/#primaryimage\"},\"thumbnailUrl\":\"https:\/\/www.ecocampingrural.com\/wp-content\/uploads\/2021\/02\/aragonradio-camping-la-fueva-alueza.jpg\",\"keywords\":[\"aragon radio\",\"camping en el pirineo aragon\u00e9s\",\"camping en la fueva\",\"entrevista\",\"esta es la nuestra\"],\"articleSection\":[\"En Prensa\",\"Noticias\"],\"inLanguage\":\"es\",\"potentialAction\":[{\"@type\":\"CommentAction\",\"name\":\"Comment\",\"target\":[\"https:\/\/www.ecocampingrural.com\/index.php\/2021\/12\/29\/abierto-camping-la-fueva\/#respond\"]}]},{\"@type\":\"WebPage\",\"@id\":\"https:\/\/www.ecocampingrural.com\/index.php\/2021\/12\/29\/abierto-camping-la-fueva\/\",\"url\":\"https:\/\/www.ecocampingrural.com\/index.php\/2021\/12\/29\/abierto-camping-la-fueva\/\",\"name\":\"Abierto primer Camping La Fueva - Ecocamping Rural\",\"isPartOf\":{\"@id\":\"https:\/\/www.ecocampingrural.com\/#website\"},\"primaryImageOfPage\":{\"@id\":\"https:\/\/www.ecocampingrural.com\/index.php\/2021\/12\/29\/abierto-camping-la-fueva\/#primaryimage\"},\"image\":{\"@id\":\"https:\/\/www.ecocampingrural.com\/index.php\/2021\/12\/29\/abierto-camping-la-fueva\/#primaryimage\"},\"thumbnailUrl\":\"https:\/\/www.ecocampingrural.com\/wp-content\/uploads\/2021\/02\/aragonradio-camping-la-fueva-alueza.jpg\",\"datePublished\":\"2021-12-29T18:09:35+00:00\",\"dateModified\":\"2021-12-29T18:25:02+00:00\",\"description\":\"Entrevista en Esta es la nuestra, de Arag\u00f3n Radio, con Lorenzo R\u00edos, por haber abierto primer camping en La Fueva.\",\"breadcrumb\":{\"@id\":\"https:\/\/www.ecocampingrural.com\/index.php\/2021\/12\/29\/abierto-camping-la-fueva\/#breadcrumb\"},\"inLanguage\":\"es\",\"potentialAction\":[{\"@type\":\"ReadAction\",\"target\":[\"https:\/\/www.ecocampingrural.com\/index.php\/2021\/12\/29\/abierto-camping-la-fueva\/\"]}]},{\"@type\":\"ImageObject\",\"inLanguage\":\"es\",\"@id\":\"https:\/\/www.ecocampingrural.com\/index.php\/2021\/12\/29\/abierto-camping-la-fueva\/#primaryimage\",\"url\":\"https:\/\/www.ecocampingrural.com\/wp-content\/uploads\/2021\/02\/aragonradio-camping-la-fueva-alueza.jpg\",\"contentUrl\":\"https:\/\/www.ecocampingrural.com\/wp-content\/uploads\/2021\/02\/aragonradio-camping-la-fueva-alueza.jpg\",\"width\":646,\"height\":371},{\"@type\":\"BreadcrumbList\",\"@id\":\"https:\/\/www.ecocampingrural.com\/index.php\/2021\/12\/29\/abierto-camping-la-fueva\/#breadcrumb\",\"itemListElement\":[{\"@type\":\"ListItem\",\"position\":1,\"name\":\"Portada\",\"item\":\"https:\/\/www.ecocampingrural.com\/\"},{\"@type\":\"ListItem\",\"position\":2,\"name\":\"Abierto el primer camping en La Fueva\"}]},{\"@type\":\"WebSite\",\"@id\":\"https:\/\/www.ecocampingrural.com\/#website\",\"url\":\"https:\/\/www.ecocampingrural.com\/\",\"name\":\"Ecocamping Rural Valle de La Fueva\",\"description\":\"Valle de La Fueva\",\"publisher\":{\"@id\":\"https:\/\/www.ecocampingrural.com\/#organization\"},\"potentialAction\":[{\"@type\":\"SearchAction\",\"target\":{\"@type\":\"EntryPoint\",\"urlTemplate\":\"https:\/\/www.ecocampingrural.com\/?s={search_term_string}\"},\"query-input\":{\"@type\":\"PropertyValueSpecification\",\"valueRequired\":true,\"valueName\":\"search_term_string\"}}],\"inLanguage\":\"es\"},{\"@type\":\"Organization\",\"@id\":\"https:\/\/www.ecocampingrural.com\/#organization\",\"name\":\"ECOCAMPING RURAL SC\",\"url\":\"https:\/\/www.ecocampingrural.com\/\",\"logo\":{\"@type\":\"ImageObject\",\"inLanguage\":\"es\",\"@id\":\"https:\/\/www.ecocampingrural.com\/#\/schema\/logo\/image\/\",\"url\":\"https:\/\/www.ecocampingrural.com\/wp-content\/uploads\/2021\/02\/LOGODEFVERDE.png\",\"contentUrl\":\"https:\/\/www.ecocampingrural.com\/wp-content\/uploads\/2021\/02\/LOGODEFVERDE.png\",\"width\":865,\"height\":579,\"caption\":\"ECOCAMPING RURAL SC\"},\"image\":{\"@id\":\"https:\/\/www.ecocampingrural.com\/#\/schema\/logo\/image\/\"},\"sameAs\":[\"https:\/\/www.facebook.com\/campinglafueva\",\"https:\/\/www.instagram.com\/ecocampingrural\/\"]},{\"@type\":\"Person\",\"@id\":\"https:\/\/www.ecocampingrural.com\/#\/schema\/person\/672b4c97857d8a1fc3fc8a7af38f40c3\",\"name\":\"ecocamping\",\"image\":{\"@type\":\"ImageObject\",\"inLanguage\":\"es\",\"@id\":\"https:\/\/www.ecocampingrural.com\/#\/schema\/person\/image\/\",\"url\":\"https:\/\/secure.gravatar.com\/avatar\/10dc49e0ad13fae4dcb4f35dca9fcdb9?s=96&d=mm&r=g\",\"contentUrl\":\"https:\/\/secure.gravatar.com\/avatar\/10dc49e0ad13fae4dcb4f35dca9fcdb9?s=96&d=mm&r=g\",\"caption\":\"ecocamping\"},\"sameAs\":[\"http:\/\/www.ecocampingrural.com\"]}]}<\/script>\n<!-- \/ Yoast SEO plugin. -->","yoast_head_json":{"title":"Abierto primer Camping La Fueva - Ecocamping Rural","description":"Entrevista en Esta es la nuestra, de Arag\u00f3n Radio, con Lorenzo R\u00edos, por haber abierto primer camping en La Fueva.","robots":{"index":"index","follow":"follow","max-snippet":"max-snippet:-1","max-image-preview":"max-image-preview:large","max-video-preview":"max-video-preview:-1"},"canonical":"https:\/\/www.ecocampingrural.com\/index.php\/2021\/12\/29\/abierto-camping-la-fueva\/","og_locale":"es_ES","og_type":"article","og_title":"Abierto primer Camping La Fueva - Ecocamping Rural","og_description":"Entrevista en Esta es la nuestra, de Arag\u00f3n Radio, con Lorenzo R\u00edos, por haber abierto primer camping en La Fueva.","og_url":"https:\/\/www.ecocampingrural.com\/index.php\/2021\/12\/29\/abierto-camping-la-fueva\/","og_site_name":"Ecocamping Rural","article_publisher":"https:\/\/www.facebook.com\/campinglafueva","article_published_time":"2021-12-29T18:09:35+00:00","article_modified_time":"2021-12-29T18:25:02+00:00","og_image":[{"width":646,"height":371,"url":"https:\/\/i0.wp.com\/www.ecocampingrural.com\/wp-content\/uploads\/2021\/02\/aragonradio-camping-la-fueva-alueza.jpg?fit=646%2C371&ssl=1","type":"image\/jpeg"}],"author":"ecocamping","twitter_card":"summary_large_image","twitter_misc":{"Escrito por":"ecocamping","Tiempo de lectura":"1 minuto"},"schema":{"@context":"https:\/\/schema.org","@graph":[{"@type":"Article","@id":"https:\/\/www.ecocampingrural.com\/index.php\/2021\/12\/29\/abierto-camping-la-fueva\/#article","isPartOf":{"@id":"https:\/\/www.ecocampingrural.com\/index.php\/2021\/12\/29\/abierto-camping-la-fueva\/"},"author":{"name":"ecocamping","@id":"https:\/\/www.ecocampingrural.com\/#\/schema\/person\/672b4c97857d8a1fc3fc8a7af38f40c3"},"headline":"Abierto el primer camping en La Fueva","datePublished":"2021-12-29T18:09:35+00:00","dateModified":"2021-12-29T18:25:02+00:00","mainEntityOfPage":{"@id":"https:\/\/www.ecocampingrural.com\/index.php\/2021\/12\/29\/abierto-camping-la-fueva\/"},"wordCount":140,"commentCount":0,"publisher":{"@id":"https:\/\/www.ecocampingrural.com\/#organization"},"image":{"@id":"https:\/\/www.ecocampingrural.com\/index.php\/2021\/12\/29\/abierto-camping-la-fueva\/#primaryimage"},"thumbnailUrl":"https:\/\/www.ecocampingrural.com\/wp-content\/uploads\/2021\/02\/aragonradio-camping-la-fueva-alueza.jpg","keywords":["aragon radio","camping en el pirineo aragon\u00e9s","camping en la fueva","entrevista","esta es la nuestra"],"articleSection":["En Prensa","Noticias"],"inLanguage":"es","potentialAction":[{"@type":"CommentAction","name":"Comment","target":["https:\/\/www.ecocampingrural.com\/index.php\/2021\/12\/29\/abierto-camping-la-fueva\/#respond"]}]},{"@type":"WebPage","@id":"https:\/\/www.ecocampingrural.com\/index.php\/2021\/12\/29\/abierto-camping-la-fueva\/","url":"https:\/\/www.ecocampingrural.com\/index.php\/2021\/12\/29\/abierto-camping-la-fueva\/","name":"Abierto primer Camping La Fueva - Ecocamping Rural","isPartOf":{"@id":"https:\/\/www.ecocampingrural.com\/#website"},"primaryImageOfPage":{"@id":"https:\/\/www.ecocampingrural.com\/index.php\/2021\/12\/29\/abierto-camping-la-fueva\/#primaryimage"},"image":{"@id":"https:\/\/www.ecocampingrural.com\/index.php\/2021\/12\/29\/abierto-camping-la-fueva\/#primaryimage"},"thumbnailUrl":"https:\/\/www.ecocampingrural.com\/wp-content\/uploads\/2021\/02\/aragonradio-camping-la-fueva-alueza.jpg","datePublished":"2021-12-29T18:09:35+00:00","dateModified":"2021-12-29T18:25:02+00:00","description":"Entrevista en Esta es la nuestra, de Arag\u00f3n Radio, con Lorenzo R\u00edos, por haber abierto primer camping en La Fueva.","breadcrumb":{"@id":"https:\/\/www.ecocampingrural.com\/index.php\/2021\/12\/29\/abierto-camping-la-fueva\/#breadcrumb"},"inLanguage":"es","potentialAction":[{"@type":"ReadAction","target":["https:\/\/www.ecocampingrural.com\/index.php\/2021\/12\/29\/abierto-camping-la-fueva\/"]}]},{"@type":"ImageObject","inLanguage":"es","@id":"https:\/\/www.ecocampingrural.com\/index.php\/2021\/12\/29\/abierto-camping-la-fueva\/#primaryimage","url":"https:\/\/www.ecocampingrural.com\/wp-content\/uploads\/2021\/02\/aragonradio-camping-la-fueva-alueza.jpg","contentUrl":"https:\/\/www.ecocampingrural.com\/wp-content\/uploads\/2021\/02\/aragonradio-camping-la-fueva-alueza.jpg","width":646,"height":371},{"@type":"BreadcrumbList","@id":"https:\/\/www.ecocampingrural.com\/index.php\/2021\/12\/29\/abierto-camping-la-fueva\/#breadcrumb","itemListElement":[{"@type":"ListItem","position":1,"name":"Portada","item":"https:\/\/www.ecocampingrural.com\/"},{"@type":"ListItem","position":2,"name":"Abierto el primer camping en La Fueva"}]},{"@type":"WebSite","@id":"https:\/\/www.ecocampingrural.com\/#website","url":"https:\/\/www.ecocampingrural.com\/","name":"Ecocamping Rural Valle de La Fueva","description":"Valle de La Fueva","publisher":{"@id":"https:\/\/www.ecocampingrural.com\/#organization"},"potentialAction":[{"@type":"SearchAction","target":{"@type":"EntryPoint","urlTemplate":"https:\/\/www.ecocampingrural.com\/?s={search_term_string}"},"query-input":{"@type":"PropertyValueSpecification","valueRequired":true,"valueName":"search_term_string"}}],"inLanguage":"es"},{"@type":"Organization","@id":"https:\/\/www.ecocampingrural.com\/#organization","name":"ECOCAMPING RURAL SC","url":"https:\/\/www.ecocampingrural.com\/","logo":{"@type":"ImageObject","inLanguage":"es","@id":"https:\/\/www.ecocampingrural.com\/#\/schema\/logo\/image\/","url":"https:\/\/www.ecocampingrural.com\/wp-content\/uploads\/2021\/02\/LOGODEFVERDE.png","contentUrl":"https:\/\/www.ecocampingrural.com\/wp-content\/uploads\/2021\/02\/LOGODEFVERDE.png","width":865,"height":579,"caption":"ECOCAMPING RURAL SC"},"image":{"@id":"https:\/\/www.ecocampingrural.com\/#\/schema\/logo\/image\/"},"sameAs":["https:\/\/www.facebook.com\/campinglafueva","https:\/\/www.instagram.com\/ecocampingrural\/"]},{"@type":"Person","@id":"https:\/\/www.ecocampingrural.com\/#\/schema\/person\/672b4c97857d8a1fc3fc8a7af38f40c3","name":"ecocamping","image":{"@type":"ImageObject","inLanguage":"es","@id":"https:\/\/www.ecocampingrural.com\/#\/schema\/person\/image\/","url":"https:\/\/secure.gravatar.com\/avatar\/10dc49e0ad13fae4dcb4f35dca9fcdb9?s=96&d=mm&r=g","contentUrl":"https:\/\/secure.gravatar.com\/avatar\/10dc49e0ad13fae4dcb4f35dca9fcdb9?s=96&d=mm&r=g","caption":"ecocamping"},"sameAs":["http:\/\/www.ecocampingrural.com"]}]}},"_links":{"self":[{"href":"https:\/\/www.ecocampingrural.com\/index.php\/wp-json\/wp\/v2\/posts\/578","targetHints":{"allow":["GET"]}}],"collection":[{"href":"https:\/\/www.ecocampingrural.com\/index.php\/wp-json\/wp\/v2\/posts"}],"about":[{"href":"https:\/\/www.ecocampingrural.com\/index.php\/wp-json\/wp\/v2\/types\/post"}],"author":[{"embeddable":true,"href":"https:\/\/www.ecocampingrural.com\/index.php\/wp-json\/wp\/v2\/users\/1"}],"replies":[{"embeddable":true,"href":"https:\/\/www.ecocampingrural.com\/index.php\/wp-json\/wp\/v2\/comments?post=578"}],"version-history":[{"count":0,"href":"https:\/\/www.ecocampingrural.com\/index.php\/wp-json\/wp\/v2\/posts\/578\/revisions"}],"wp:featuredmedia":[{"embeddable":true,"href":"https:\/\/www.ecocampingrural.com\/index.php\/wp-json\/wp\/v2\/media\/141"}],"wp:attachment":[{"href":"https:\/\/www.ecocampingrural.com\/index.php\/wp-json\/wp\/v2\/media?parent=578"}],"wp:term":[{"taxonomy":"category","embeddable":true,"href":"https:\/\/www.ecocampingrural.com\/index.php\/wp-json\/wp\/v2\/categories?post=578"},{"taxonomy":"post_tag","embeddable":true,"href":"https:\/\/www.ecocampingrural.com\/index.php\/wp-json\/wp\/v2\/tags?post=578"}],"curies":[{"name":"wp","href":"https:\/\/api.w.org\/{rel}","templated":true}]}}