{"id":762,"date":"2022-04-21T10:46:55","date_gmt":"2022-04-21T10:46:55","guid":{"rendered":"https:\/\/www.ecocampingrural.com\/?p=762"},"modified":"2022-04-21T10:46:57","modified_gmt":"2022-04-21T10:46:57","slug":"video-semana-santa-en-ecocamping-rural","status":"publish","type":"post","link":"https:\/\/www.ecocampingrural.com\/index.php\/2022\/04\/21\/video-semana-santa-en-ecocamping-rural\/","title":{"rendered":"Video Semana Santa en Ecocamping Rural"},"content":{"rendered":"\n<p>Terminada la Semana Santa en <a href=\"https:\/\/www.ecocampingrural.com\" target=\"_blank\" rel=\"noreferrer noopener\">Ecocamping Rural Valle de La Fueva<\/a>, hemos querido preparar un peque\u00f1o v\u00eddeo de recuerdo, con im\u00e1genes tomadas estos d\u00edas. No es una gran superproducci\u00f3n ni much\u00edsimo menos, tampoco lo pretend\u00edamos, pero nos hac\u00eda tanta ilusi\u00f3n ver el camping con caravanas y campers entrando y saliendo, ni\u00f1os corriendo, personas paseando con sus peludos amigos, o simplemente disfrutando tranquilamente del atardecer en nuestra terraza con una copa de vino, que quisimos capturar esos momentos para el recuerdo. <\/p>\n\n\n\n<p>Para nosotros ha sido una primera experiencia encantadora, sobre todo por el <em>feedback<\/em> y los comentarios tan positivos que nos hab\u00e9is realizado y, sin lugar a dudas, por lo contentos que os hab\u00e9is ido tras la estancia en nuestro peque\u00f1o ecocamping.  <strong>\u00a1Esperamos que os guste!<\/strong><\/p>\n\n\n\n<section id=\"wp-block-themeisle-blocks-advanced-columns-e4373a2b\" class=\"wp-block-themeisle-blocks-advanced-columns alignfull has-1-columns has-desktop-equal-layout has-tablet-equal-layout has-mobile-equal-layout has-vertical-flex-start\"><div class=\"wp-block-themeisle-blocks-advanced-columns-overlay\"><\/div><div class=\"innerblocks-wrap\">\n<div id=\"wp-block-themeisle-blocks-advanced-column-0b9db5af\" class=\"wp-block-themeisle-blocks-advanced-column\">\n<div id=\"wp-block-themeisle-blocks-advanced-heading-58886b0a\" class=\"wp-block-themeisle-blocks-advanced-heading wp-block-themeisle-blocks-advanced-heading-58886b0a\"><strong>im\u00e1genes para el recuerdo<\/strong><\/div>\n\n\n\n<h2 class=\"has-text-align-center wp-block-heading\">Video Semana Santa en Ecocamping Rural<\/h2>\n\n\n\n<hr class=\"wp-block-separator has-text-color has-background has-black-background-color has-black-color\"\/>\n\n\n\n<figure class=\"wp-block-embed aligncenter is-type-video is-provider-youtube wp-block-embed-youtube wp-embed-aspect-16-9 wp-has-aspect-ratio\"><div class=\"wp-block-embed__wrapper\">\n<div class=\"nv-iframe-embed\"><iframe title=\"Camping el Pirineo Aragon\u00e9s - Ecocamping Rural Valle de La Fueva en Semana Santa\" width=\"1200\" height=\"675\" src=\"https:\/\/www.youtube.com\/embed\/NWp55ZVDVkg?feature=oembed\" frameborder=\"0\" allow=\"accelerometer; autoplay; clipboard-write; encrypted-media; gyroscope; picture-in-picture\" allowfullscreen><\/iframe><\/div>\n<\/div><figcaption><a href=\"https:\/\/www.youtube.com\/channel\/UCJj6-qld_F1A1Wf9b8nMCRA\" target=\"_blank\" rel=\"noreferrer noopener\">Ver v\u00eddeo en nuestro canal de YouTube<\/a><\/figcaption><\/figure>\n<\/div>\n<\/div><\/section>\n\n\n\n<h4 class=\"has-medium-font-size wp-block-heading\">Semana Santa en Ecocamping Rural en Im\u00e1genes<\/h4>\n\n\n\n<div class=\"wp-block-jetpack-tiled-gallery aligncenter is-style-rectangular\"><div class=\"tiled-gallery__gallery\"><div class=\"tiled-gallery__row\"><div class=\"tiled-gallery__col\" style=\"flex-basis:46.41017%\"><figure class=\"tiled-gallery__item\"><a href=\"https:\/\/i2.wp.com\/www.ecocampingrural.com\/wp-content\/uploads\/2022\/04\/CAMPING-LA-FUEVA-SENDERO-768x1024.jpg?ssl=1\"><img decoding=\"async\" alt=\"Vista ecocamping rural desde ermita en semana santa\" data-height=\"2048\" data-id=\"763\" data-link=\"https:\/\/www.ecocampingrural.com\/?attachment_id=763\" data-url=\"https:\/\/www.ecocampingrural.com\/wp-content\/uploads\/2022\/04\/CAMPING-LA-FUEVA-SENDERO-768x1024.jpg\" data-width=\"1536\" src=\"https:\/\/i2.wp.com\/www.ecocampingrural.com\/wp-content\/uploads\/2022\/04\/CAMPING-LA-FUEVA-SENDERO-768x1024.jpg?ssl=1\" data-amp-layout=\"responsive\"\/><\/a><\/figure><\/div><div class=\"tiled-gallery__col\" style=\"flex-basis:53.58983%\"><figure class=\"tiled-gallery__item\"><a href=\"https:\/\/i1.wp.com\/www.ecocampingrural.com\/wp-content\/uploads\/2022\/04\/CAMPING-PIRINEO-LA-FUEVA-1024x576.jpg?ssl=1\"><img decoding=\"async\" alt=\"ecoCamping Pirineo en Semana Santa\" data-height=\"1440\" data-id=\"764\" data-link=\"https:\/\/www.ecocampingrural.com\/?attachment_id=764\" data-url=\"https:\/\/www.ecocampingrural.com\/wp-content\/uploads\/2022\/04\/CAMPING-PIRINEO-LA-FUEVA-1024x576.jpg\" data-width=\"2560\" src=\"https:\/\/i1.wp.com\/www.ecocampingrural.com\/wp-content\/uploads\/2022\/04\/CAMPING-PIRINEO-LA-FUEVA-1024x576.jpg?ssl=1\" data-amp-layout=\"responsive\"\/><\/a><\/figure><figure class=\"tiled-gallery__item\"><a href=\"https:\/\/i1.wp.com\/www.ecocampingrural.com\/wp-content\/uploads\/2022\/04\/TERRAZA-CAMPING-1024x596.jpg?ssl=1\"><img decoding=\"async\" alt=\"Terraza ecocamping rural en semana santa\" data-height=\"1489\" data-id=\"765\" data-link=\"https:\/\/www.ecocampingrural.com\/?attachment_id=765\" data-url=\"https:\/\/www.ecocampingrural.com\/wp-content\/uploads\/2022\/04\/TERRAZA-CAMPING-1024x596.jpg\" data-width=\"2560\" src=\"https:\/\/i1.wp.com\/www.ecocampingrural.com\/wp-content\/uploads\/2022\/04\/TERRAZA-CAMPING-1024x596.jpg?ssl=1\" data-amp-layout=\"responsive\"\/><\/a><\/figure><\/div><\/div><\/div><\/div>\n","protected":false},"excerpt":{"rendered":"<p>Terminada la Semana Santa en Ecocamping Rural Valle de La Fueva, hemos querido preparar un peque\u00f1o v\u00eddeo de recuerdo, con im\u00e1genes tomadas estos d\u00edas. No es una gran superproducci\u00f3n ni much\u00edsimo menos, tampoco lo pretend\u00edamos, pero nos hac\u00eda tanta ilusi\u00f3n ver el camping con caravanas y campers entrando y saliendo, ni\u00f1os corriendo, personas paseando con&hellip;&nbsp;<a href=\"https:\/\/www.ecocampingrural.com\/index.php\/2022\/04\/21\/video-semana-santa-en-ecocamping-rural\/\" rel=\"bookmark\">Leer m\u00e1s &raquo;<span class=\"screen-reader-text\">Video Semana Santa en Ecocamping Rural<\/span><\/a><\/p>\n","protected":false},"author":1,"featured_media":765,"comment_status":"open","ping_status":"open","sticky":false,"template":"","format":"standard","meta":{"_uf_show_specific_survey":0,"_uf_disable_surveys":false,"neve_meta_sidebar":"","neve_meta_container":"","neve_meta_enable_content_width":"","neve_meta_content_width":0,"neve_meta_title_alignment":"","neve_meta_author_avatar":"","neve_post_elements_order":"","neve_meta_disable_header":"","neve_meta_disable_footer":"","neve_meta_disable_title":"","_themeisle_gutenberg_block_has_review":false,"footnotes":""},"categories":[6],"tags":[93,31,94,95],"class_list":["post-762","post","type-post","status-publish","format-standard","has-post-thumbnail","hentry","category-noticias","tag-camping-en-abril","tag-la-fueva","tag-semana-santa-en-el-pirineo","tag-video-camping"],"yoast_head":"<!-- This site is optimized with the Yoast SEO plugin v25.6 - https:\/\/yoast.com\/wordpress\/plugins\/seo\/ -->\n<title>Video Semana Santa en Ecocamping Rural - Ecocamping Rural<\/title>\n<meta name=\"description\" content=\"Video resumen de la Semana Santa en Ecocamping Rural Valle de La Fueva - Pirineo Aragon\u00e9s \u00a1Gracias por venir!\" \/>\n<meta name=\"robots\" content=\"index, follow, max-snippet:-1, max-image-preview:large, max-video-preview:-1\" \/>\n<link rel=\"canonical\" href=\"https:\/\/www.ecocampingrural.com\/index.php\/2022\/04\/21\/video-semana-santa-en-ecocamping-rural\/\" \/>\n<meta property=\"og:locale\" content=\"es_ES\" \/>\n<meta property=\"og:type\" content=\"article\" \/>\n<meta property=\"og:title\" content=\"Video Semana Santa en Ecocamping Rural - Ecocamping Rural\" \/>\n<meta property=\"og:description\" content=\"Video resumen de la Semana Santa en Ecocamping Rural Valle de La Fueva - Pirineo Aragon\u00e9s \u00a1Gracias por venir!\" \/>\n<meta property=\"og:url\" content=\"https:\/\/www.ecocampingrural.com\/index.php\/2022\/04\/21\/video-semana-santa-en-ecocamping-rural\/\" \/>\n<meta property=\"og:site_name\" content=\"Ecocamping Rural\" \/>\n<meta property=\"article:publisher\" content=\"https:\/\/www.facebook.com\/campinglafueva\" \/>\n<meta property=\"article:published_time\" content=\"2022-04-21T10:46:55+00:00\" \/>\n<meta property=\"article:modified_time\" content=\"2022-04-21T10:46:57+00:00\" \/>\n<meta property=\"og:image\" content=\"https:\/\/www.ecocampingrural.com\/wp-content\/uploads\/2022\/04\/TERRAZA-CAMPING-scaled.jpg\" \/>\n\t<meta property=\"og:image:width\" content=\"2560\" \/>\n\t<meta property=\"og:image:height\" content=\"1489\" \/>\n\t<meta property=\"og:image:type\" content=\"image\/jpeg\" \/>\n<meta name=\"author\" content=\"ecocamping\" \/>\n<meta name=\"twitter:card\" content=\"summary_large_image\" \/>\n<meta name=\"twitter:label1\" content=\"Escrito por\" \/>\n\t<meta name=\"twitter:data1\" content=\"ecocamping\" \/>\n\t<meta name=\"twitter:label2\" content=\"Tiempo de lectura\" \/>\n\t<meta name=\"twitter:data2\" content=\"2 minutos\" \/>\n<script type=\"application\/ld+json\" class=\"yoast-schema-graph\">{\"@context\":\"https:\/\/schema.org\",\"@graph\":[{\"@type\":\"Article\",\"@id\":\"https:\/\/www.ecocampingrural.com\/index.php\/2022\/04\/21\/video-semana-santa-en-ecocamping-rural\/#article\",\"isPartOf\":{\"@id\":\"https:\/\/www.ecocampingrural.com\/index.php\/2022\/04\/21\/video-semana-santa-en-ecocamping-rural\/\"},\"author\":{\"name\":\"ecocamping\",\"@id\":\"https:\/\/www.ecocampingrural.com\/#\/schema\/person\/672b4c97857d8a1fc3fc8a7af38f40c3\"},\"headline\":\"Video Semana Santa en Ecocamping Rural\",\"datePublished\":\"2022-04-21T10:46:55+00:00\",\"dateModified\":\"2022-04-21T10:46:57+00:00\",\"mainEntityOfPage\":{\"@id\":\"https:\/\/www.ecocampingrural.com\/index.php\/2022\/04\/21\/video-semana-santa-en-ecocamping-rural\/\"},\"wordCount\":176,\"commentCount\":0,\"publisher\":{\"@id\":\"https:\/\/www.ecocampingrural.com\/#organization\"},\"image\":{\"@id\":\"https:\/\/www.ecocampingrural.com\/index.php\/2022\/04\/21\/video-semana-santa-en-ecocamping-rural\/#primaryimage\"},\"thumbnailUrl\":\"https:\/\/www.ecocampingrural.com\/wp-content\/uploads\/2022\/04\/TERRAZA-CAMPING-scaled.jpg\",\"keywords\":[\"camping en abril\",\"La Fueva\",\"semana santa en el pirineo\",\"Video Camping\"],\"articleSection\":[\"Noticias\"],\"inLanguage\":\"es\",\"potentialAction\":[{\"@type\":\"CommentAction\",\"name\":\"Comment\",\"target\":[\"https:\/\/www.ecocampingrural.com\/index.php\/2022\/04\/21\/video-semana-santa-en-ecocamping-rural\/#respond\"]}]},{\"@type\":\"WebPage\",\"@id\":\"https:\/\/www.ecocampingrural.com\/index.php\/2022\/04\/21\/video-semana-santa-en-ecocamping-rural\/\",\"url\":\"https:\/\/www.ecocampingrural.com\/index.php\/2022\/04\/21\/video-semana-santa-en-ecocamping-rural\/\",\"name\":\"Video Semana Santa en Ecocamping Rural - Ecocamping Rural\",\"isPartOf\":{\"@id\":\"https:\/\/www.ecocampingrural.com\/#website\"},\"primaryImageOfPage\":{\"@id\":\"https:\/\/www.ecocampingrural.com\/index.php\/2022\/04\/21\/video-semana-santa-en-ecocamping-rural\/#primaryimage\"},\"image\":{\"@id\":\"https:\/\/www.ecocampingrural.com\/index.php\/2022\/04\/21\/video-semana-santa-en-ecocamping-rural\/#primaryimage\"},\"thumbnailUrl\":\"https:\/\/www.ecocampingrural.com\/wp-content\/uploads\/2022\/04\/TERRAZA-CAMPING-scaled.jpg\",\"datePublished\":\"2022-04-21T10:46:55+00:00\",\"dateModified\":\"2022-04-21T10:46:57+00:00\",\"description\":\"Video resumen de la Semana Santa en Ecocamping Rural Valle de La Fueva - Pirineo Aragon\u00e9s \u00a1Gracias por venir!\",\"breadcrumb\":{\"@id\":\"https:\/\/www.ecocampingrural.com\/index.php\/2022\/04\/21\/video-semana-santa-en-ecocamping-rural\/#breadcrumb\"},\"inLanguage\":\"es\",\"potentialAction\":[{\"@type\":\"ReadAction\",\"target\":[\"https:\/\/www.ecocampingrural.com\/index.php\/2022\/04\/21\/video-semana-santa-en-ecocamping-rural\/\"]}]},{\"@type\":\"ImageObject\",\"inLanguage\":\"es\",\"@id\":\"https:\/\/www.ecocampingrural.com\/index.php\/2022\/04\/21\/video-semana-santa-en-ecocamping-rural\/#primaryimage\",\"url\":\"https:\/\/www.ecocampingrural.com\/wp-content\/uploads\/2022\/04\/TERRAZA-CAMPING-scaled.jpg\",\"contentUrl\":\"https:\/\/www.ecocampingrural.com\/wp-content\/uploads\/2022\/04\/TERRAZA-CAMPING-scaled.jpg\",\"width\":2560,\"height\":1489,\"caption\":\"Terraza Ecocamping Rural\"},{\"@type\":\"BreadcrumbList\",\"@id\":\"https:\/\/www.ecocampingrural.com\/index.php\/2022\/04\/21\/video-semana-santa-en-ecocamping-rural\/#breadcrumb\",\"itemListElement\":[{\"@type\":\"ListItem\",\"position\":1,\"name\":\"Portada\",\"item\":\"https:\/\/www.ecocampingrural.com\/\"},{\"@type\":\"ListItem\",\"position\":2,\"name\":\"Video Semana Santa en Ecocamping Rural\"}]},{\"@type\":\"WebSite\",\"@id\":\"https:\/\/www.ecocampingrural.com\/#website\",\"url\":\"https:\/\/www.ecocampingrural.com\/\",\"name\":\"Ecocamping Rural Valle de La Fueva\",\"description\":\"Valle de La Fueva\",\"publisher\":{\"@id\":\"https:\/\/www.ecocampingrural.com\/#organization\"},\"potentialAction\":[{\"@type\":\"SearchAction\",\"target\":{\"@type\":\"EntryPoint\",\"urlTemplate\":\"https:\/\/www.ecocampingrural.com\/?s={search_term_string}\"},\"query-input\":{\"@type\":\"PropertyValueSpecification\",\"valueRequired\":true,\"valueName\":\"search_term_string\"}}],\"inLanguage\":\"es\"},{\"@type\":\"Organization\",\"@id\":\"https:\/\/www.ecocampingrural.com\/#organization\",\"name\":\"ECOCAMPING RURAL SC\",\"url\":\"https:\/\/www.ecocampingrural.com\/\",\"logo\":{\"@type\":\"ImageObject\",\"inLanguage\":\"es\",\"@id\":\"https:\/\/www.ecocampingrural.com\/#\/schema\/logo\/image\/\",\"url\":\"https:\/\/www.ecocampingrural.com\/wp-content\/uploads\/2021\/02\/LOGODEFVERDE.png\",\"contentUrl\":\"https:\/\/www.ecocampingrural.com\/wp-content\/uploads\/2021\/02\/LOGODEFVERDE.png\",\"width\":865,\"height\":579,\"caption\":\"ECOCAMPING RURAL SC\"},\"image\":{\"@id\":\"https:\/\/www.ecocampingrural.com\/#\/schema\/logo\/image\/\"},\"sameAs\":[\"https:\/\/www.facebook.com\/campinglafueva\",\"https:\/\/www.instagram.com\/ecocampingrural\/\"]},{\"@type\":\"Person\",\"@id\":\"https:\/\/www.ecocampingrural.com\/#\/schema\/person\/672b4c97857d8a1fc3fc8a7af38f40c3\",\"name\":\"ecocamping\",\"image\":{\"@type\":\"ImageObject\",\"inLanguage\":\"es\",\"@id\":\"https:\/\/www.ecocampingrural.com\/#\/schema\/person\/image\/\",\"url\":\"https:\/\/secure.gravatar.com\/avatar\/10dc49e0ad13fae4dcb4f35dca9fcdb9?s=96&d=mm&r=g\",\"contentUrl\":\"https:\/\/secure.gravatar.com\/avatar\/10dc49e0ad13fae4dcb4f35dca9fcdb9?s=96&d=mm&r=g\",\"caption\":\"ecocamping\"},\"sameAs\":[\"http:\/\/www.ecocampingrural.com\"]}]}<\/script>\n<!-- \/ Yoast SEO plugin. -->","yoast_head_json":{"title":"Video Semana Santa en Ecocamping Rural - Ecocamping Rural","description":"Video resumen de la Semana Santa en Ecocamping Rural Valle de La Fueva - Pirineo Aragon\u00e9s \u00a1Gracias por venir!","robots":{"index":"index","follow":"follow","max-snippet":"max-snippet:-1","max-image-preview":"max-image-preview:large","max-video-preview":"max-video-preview:-1"},"canonical":"https:\/\/www.ecocampingrural.com\/index.php\/2022\/04\/21\/video-semana-santa-en-ecocamping-rural\/","og_locale":"es_ES","og_type":"article","og_title":"Video Semana Santa en Ecocamping Rural - Ecocamping Rural","og_description":"Video resumen de la Semana Santa en Ecocamping Rural Valle de La Fueva - Pirineo Aragon\u00e9s \u00a1Gracias por venir!","og_url":"https:\/\/www.ecocampingrural.com\/index.php\/2022\/04\/21\/video-semana-santa-en-ecocamping-rural\/","og_site_name":"Ecocamping Rural","article_publisher":"https:\/\/www.facebook.com\/campinglafueva","article_published_time":"2022-04-21T10:46:55+00:00","article_modified_time":"2022-04-21T10:46:57+00:00","og_image":[{"width":2560,"height":1489,"url":"https:\/\/www.ecocampingrural.com\/wp-content\/uploads\/2022\/04\/TERRAZA-CAMPING-scaled.jpg","type":"image\/jpeg"}],"author":"ecocamping","twitter_card":"summary_large_image","twitter_misc":{"Escrito por":"ecocamping","Tiempo de lectura":"2 minutos"},"schema":{"@context":"https:\/\/schema.org","@graph":[{"@type":"Article","@id":"https:\/\/www.ecocampingrural.com\/index.php\/2022\/04\/21\/video-semana-santa-en-ecocamping-rural\/#article","isPartOf":{"@id":"https:\/\/www.ecocampingrural.com\/index.php\/2022\/04\/21\/video-semana-santa-en-ecocamping-rural\/"},"author":{"name":"ecocamping","@id":"https:\/\/www.ecocampingrural.com\/#\/schema\/person\/672b4c97857d8a1fc3fc8a7af38f40c3"},"headline":"Video Semana Santa en Ecocamping Rural","datePublished":"2022-04-21T10:46:55+00:00","dateModified":"2022-04-21T10:46:57+00:00","mainEntityOfPage":{"@id":"https:\/\/www.ecocampingrural.com\/index.php\/2022\/04\/21\/video-semana-santa-en-ecocamping-rural\/"},"wordCount":176,"commentCount":0,"publisher":{"@id":"https:\/\/www.ecocampingrural.com\/#organization"},"image":{"@id":"https:\/\/www.ecocampingrural.com\/index.php\/2022\/04\/21\/video-semana-santa-en-ecocamping-rural\/#primaryimage"},"thumbnailUrl":"https:\/\/www.ecocampingrural.com\/wp-content\/uploads\/2022\/04\/TERRAZA-CAMPING-scaled.jpg","keywords":["camping en abril","La Fueva","semana santa en el pirineo","Video Camping"],"articleSection":["Noticias"],"inLanguage":"es","potentialAction":[{"@type":"CommentAction","name":"Comment","target":["https:\/\/www.ecocampingrural.com\/index.php\/2022\/04\/21\/video-semana-santa-en-ecocamping-rural\/#respond"]}]},{"@type":"WebPage","@id":"https:\/\/www.ecocampingrural.com\/index.php\/2022\/04\/21\/video-semana-santa-en-ecocamping-rural\/","url":"https:\/\/www.ecocampingrural.com\/index.php\/2022\/04\/21\/video-semana-santa-en-ecocamping-rural\/","name":"Video Semana Santa en Ecocamping Rural - Ecocamping Rural","isPartOf":{"@id":"https:\/\/www.ecocampingrural.com\/#website"},"primaryImageOfPage":{"@id":"https:\/\/www.ecocampingrural.com\/index.php\/2022\/04\/21\/video-semana-santa-en-ecocamping-rural\/#primaryimage"},"image":{"@id":"https:\/\/www.ecocampingrural.com\/index.php\/2022\/04\/21\/video-semana-santa-en-ecocamping-rural\/#primaryimage"},"thumbnailUrl":"https:\/\/www.ecocampingrural.com\/wp-content\/uploads\/2022\/04\/TERRAZA-CAMPING-scaled.jpg","datePublished":"2022-04-21T10:46:55+00:00","dateModified":"2022-04-21T10:46:57+00:00","description":"Video resumen de la Semana Santa en Ecocamping Rural Valle de La Fueva - Pirineo Aragon\u00e9s \u00a1Gracias por venir!","breadcrumb":{"@id":"https:\/\/www.ecocampingrural.com\/index.php\/2022\/04\/21\/video-semana-santa-en-ecocamping-rural\/#breadcrumb"},"inLanguage":"es","potentialAction":[{"@type":"ReadAction","target":["https:\/\/www.ecocampingrural.com\/index.php\/2022\/04\/21\/video-semana-santa-en-ecocamping-rural\/"]}]},{"@type":"ImageObject","inLanguage":"es","@id":"https:\/\/www.ecocampingrural.com\/index.php\/2022\/04\/21\/video-semana-santa-en-ecocamping-rural\/#primaryimage","url":"https:\/\/www.ecocampingrural.com\/wp-content\/uploads\/2022\/04\/TERRAZA-CAMPING-scaled.jpg","contentUrl":"https:\/\/www.ecocampingrural.com\/wp-content\/uploads\/2022\/04\/TERRAZA-CAMPING-scaled.jpg","width":2560,"height":1489,"caption":"Terraza Ecocamping Rural"},{"@type":"BreadcrumbList","@id":"https:\/\/www.ecocampingrural.com\/index.php\/2022\/04\/21\/video-semana-santa-en-ecocamping-rural\/#breadcrumb","itemListElement":[{"@type":"ListItem","position":1,"name":"Portada","item":"https:\/\/www.ecocampingrural.com\/"},{"@type":"ListItem","position":2,"name":"Video Semana Santa en Ecocamping Rural"}]},{"@type":"WebSite","@id":"https:\/\/www.ecocampingrural.com\/#website","url":"https:\/\/www.ecocampingrural.com\/","name":"Ecocamping Rural Valle de La Fueva","description":"Valle de La Fueva","publisher":{"@id":"https:\/\/www.ecocampingrural.com\/#organization"},"potentialAction":[{"@type":"SearchAction","target":{"@type":"EntryPoint","urlTemplate":"https:\/\/www.ecocampingrural.com\/?s={search_term_string}"},"query-input":{"@type":"PropertyValueSpecification","valueRequired":true,"valueName":"search_term_string"}}],"inLanguage":"es"},{"@type":"Organization","@id":"https:\/\/www.ecocampingrural.com\/#organization","name":"ECOCAMPING RURAL SC","url":"https:\/\/www.ecocampingrural.com\/","logo":{"@type":"ImageObject","inLanguage":"es","@id":"https:\/\/www.ecocampingrural.com\/#\/schema\/logo\/image\/","url":"https:\/\/www.ecocampingrural.com\/wp-content\/uploads\/2021\/02\/LOGODEFVERDE.png","contentUrl":"https:\/\/www.ecocampingrural.com\/wp-content\/uploads\/2021\/02\/LOGODEFVERDE.png","width":865,"height":579,"caption":"ECOCAMPING RURAL SC"},"image":{"@id":"https:\/\/www.ecocampingrural.com\/#\/schema\/logo\/image\/"},"sameAs":["https:\/\/www.facebook.com\/campinglafueva","https:\/\/www.instagram.com\/ecocampingrural\/"]},{"@type":"Person","@id":"https:\/\/www.ecocampingrural.com\/#\/schema\/person\/672b4c97857d8a1fc3fc8a7af38f40c3","name":"ecocamping","image":{"@type":"ImageObject","inLanguage":"es","@id":"https:\/\/www.ecocampingrural.com\/#\/schema\/person\/image\/","url":"https:\/\/secure.gravatar.com\/avatar\/10dc49e0ad13fae4dcb4f35dca9fcdb9?s=96&d=mm&r=g","contentUrl":"https:\/\/secure.gravatar.com\/avatar\/10dc49e0ad13fae4dcb4f35dca9fcdb9?s=96&d=mm&r=g","caption":"ecocamping"},"sameAs":["http:\/\/www.ecocampingrural.com"]}]}},"_links":{"self":[{"href":"https:\/\/www.ecocampingrural.com\/index.php\/wp-json\/wp\/v2\/posts\/762","targetHints":{"allow":["GET"]}}],"collection":[{"href":"https:\/\/www.ecocampingrural.com\/index.php\/wp-json\/wp\/v2\/posts"}],"about":[{"href":"https:\/\/www.ecocampingrural.com\/index.php\/wp-json\/wp\/v2\/types\/post"}],"author":[{"embeddable":true,"href":"https:\/\/www.ecocampingrural.com\/index.php\/wp-json\/wp\/v2\/users\/1"}],"replies":[{"embeddable":true,"href":"https:\/\/www.ecocampingrural.com\/index.php\/wp-json\/wp\/v2\/comments?post=762"}],"version-history":[{"count":0,"href":"https:\/\/www.ecocampingrural.com\/index.php\/wp-json\/wp\/v2\/posts\/762\/revisions"}],"wp:featuredmedia":[{"embeddable":true,"href":"https:\/\/www.ecocampingrural.com\/index.php\/wp-json\/wp\/v2\/media\/765"}],"wp:attachment":[{"href":"https:\/\/www.ecocampingrural.com\/index.php\/wp-json\/wp\/v2\/media?parent=762"}],"wp:term":[{"taxonomy":"category","embeddable":true,"href":"https:\/\/www.ecocampingrural.com\/index.php\/wp-json\/wp\/v2\/categories?post=762"},{"taxonomy":"post_tag","embeddable":true,"href":"https:\/\/www.ecocampingrural.com\/index.php\/wp-json\/wp\/v2\/tags?post=762"}],"curies":[{"name":"wp","href":"https:\/\/api.w.org\/{rel}","templated":true}]}}